{"id":7250,"date":"2023-07-16T20:05:13","date_gmt":"2023-07-16T18:05:13","guid":{"rendered":"https:\/\/intereuropolcompetition.eu\/?p=7250"},"modified":"2023-12-19T11:36:35","modified_gmt":"2023-12-19T10:36:35","slug":"persistence-pays-dividends-for-inter-europol-competition-in-the-4-hours-of-le-castellet","status":"publish","type":"post","link":"https:\/\/intereuropolcompetition.eu\/pl\/persistence-pays-dividends-for-inter-europol-competition-in-the-4-hours-of-le-castellet\/","title":{"rendered":"Wytrwa\u0142o\u015b\u0107 pop\u0142aca! Inter Europol Competition na podium w Le Castellet"},"content":{"rendered":"<p>Za\u0142oga polskiego zespo\u0142u Inter Europol Competition w sk\u0142adzie Rui Andrade, Olli Caldwell i Jonathan Aberdein w prototypie Oreca z numerem 43 zaj\u0119\u0142a doskona\u0142e trzecie miejsce w klasie LMP2 w drugiej rundzie European Le Mans Series w niedziel\u0119 po po\u0142udniu na torze Paul Ricard na po\u0142udniu Francji.<\/p>\n<p>&nbsp;<\/p>\n<p>Kluczem do sukcesu w obu klasach mistrzostw by\u0142a w ten weekend wytrwa\u0142o\u015b\u0107. Pomimo chwilowych trudno\u015bci i niepowodze\u0144 zesp\u00f3\u0142 zachowa\u0142 zimn\u0105 krew, spisa\u0142 si\u0119 bezb\u0142\u0119dnie i zapewni\u0142 sobie pierwsze podium w klasie LMP2 w tym sezonie. Za\u0142oga z numerem 13 Miguel Crist\u00f3v\u00e3o, Kai Askey i Wyatt Brichacek zaj\u0119\u0142a solidne sz\u00f3ste miejsce w klasie LMP3.<\/p>\n<p>&nbsp;<\/p>\n<p>Wielu cz\u0142onk\u00f3w zespo\u0142u Inter Europol Competition przyby\u0142o na Lazurowe Wybrze\u017ce prosto z toru Monza, gdzie tydzie\u0144 wcze\u015bniej zesp\u00f3\u0142 Inter Europol Competition wywalczy\u0142 pi\u0105te miejsce w rundzie D\u0142ugodystansowych Mistrzostwach \u015awiata FIA. Tor Paul Ricard go\u015bci\u0142 w miniony weekend rundy European Le Mans Series, Michelin Le Mans Cup i Ligier European Series. Bardzo pracowite dwa tygodnie zako\u0144czy\u0142y si\u0119 dobrym osi\u0105gni\u0119ciem w wy\u015bcigu ELMS.<\/p>\n<p>&nbsp;<\/p>\n<p>Zesp\u00f3\u0142 powita\u0142a na torze upalna i s\u0142oneczna pogoda. W sobotniej sesji kwalifikacyjnej Olli spisa\u0142 si\u0119 znakomicie w bardzo wyr\u00f3wnanej stawce i zakwalifikowa\u0142 si\u0119 na czwartym miejscu w LMP2. Kai by\u0142 r\u00f3wnie\u017c w \u015bwietnej formie i zaj\u0105\u0142 trzecie miejsce w klasie LMP3.<\/p>\n<p>&nbsp;<\/p>\n<p>Start lotny nie przebieg\u0142 po my\u015bli zespo\u0142u. Rui zosta\u0142 zablokowany przez rywali i po kilku pierwszych zakr\u0119tach spad\u0142 na sz\u00f3ste miejsce. Zaliczy\u0142 kontakt z prototypem LMP3 #35. Otrzyma\u0142 kar\u0119 drive through i uszkodzi\u0142 nos prototypu, co spowodowa\u0142o utrat\u0119 si\u0142y docisku. Po up\u0142ywie godziny wy\u015bcigu konieczny by\u0142 dodatkowy post\u00f3j, aby naprawi\u0107 uszkodzenie.<\/p>\n<p>&nbsp;<\/p>\n<p>Ollie przej\u0105\u0142 samoch\u00f3d na si\u00f3dmym miejscu. Pomimo niekorzystnej sytuacji i odleg\u0142ej pozycji na torze, tempo by\u0142o bardzo dobre, a Ollie spisa\u0142 si\u0119 znakomicie. Ostatnie dwie, r\u00f3wnie udane zmiany pojecha\u0142 Jonathan.<\/p>\n<p>&nbsp;<\/p>\n<p>Czwarta pozycja w stawce, trzecia w LMP2 ze strat\u0105 zaledwie 0,2 sekundy, by\u0142 to ci\u0119\u017cko zapracowany wynik, przyj\u0119ty w zespole z du\u017c\u0105 satysfakcj\u0105.<\/p>\n<p>&nbsp;<\/p>\n<p>Po drugim miejsca w Barcelonie w poprzedniej rundzie, Miguel rozpocz\u0105\u0142 wy\u015bcig w samochodzie #13, a potem imponowa\u0142 \u015bwietnym tempem przez po\u0142ow\u0119 dystansu. Kara za spowodowanie kontaktu z #4 kosztowa\u0142a go utrat\u0119 pozycji, ale Kai i Wyatt odrobili w dalszej fazie wy\u015bcigu du\u017c\u0105 cz\u0119\u015b\u0107 strat i uko\u0144czyli wy\u015bcig na sz\u00f3stym miejscu.<\/p>\n<p>&nbsp;<\/p>\n<p>Pomijaj\u0105c testy, zesp\u00f3\u0142 Inter Europol Competition b\u0119dzie mia\u0142 teraz kr\u00f3tk\u0105 przerw\u0119 w startach przed trzeci\u0105 rund\u0105 European Le Mans Series w przysz\u0142ym miesi\u0105cu w Aragonii w Hiszpanii.<\/p>\n<p>&nbsp;<\/p>\n<p><strong>Sascha Fassbender, Team Manager #43, #13 <\/strong><\/p>\n<p>\u201eObydwie za\u0142ogi pokaza\u0142y, \u017ce jeste\u015bmy bardzo konkurencyjni na torze pod wzgl\u0119dem osi\u0105g\u00f3w. Za\u0142oga LMP2 #43 pokaza\u0142a \u015bwietne tempo, ale niestety mia\u0142a pewne problemy na pocz\u0105tku wy\u015bcigu. Po wymianie nosa samochodu trudno by\u0142o nam uzyska\u0107 dobry wynik. Miejsce na podium to dobre osi\u0105gni\u0119cie, ale mogli\u015bmy dzi\u015b wygra\u0107 ten wy\u015bcig. W LMP3 Miguel wykona\u0142 \u015bwietn\u0105 robot\u0119 \u2013 dwie godziny w tym upale nie\u0142atwo by\u0142o wytrzyma\u0107 \u2013 a Wyatt by\u0142 bardzo dobry na ostatniej zmianie. Zyska\u0142 oko\u0142o 45 sekund, wyprzedzi\u0142 rywala i by\u0142 wyra\u017anie najszybszy w klasie LMP3 na torze. Og\u00f3lnie, nie jestem rozczarowany tym weekendem, ale nie jestem te\u017c zadowolony.\u201d<\/p>\n<p>&nbsp;<\/p>\n<p><strong>Jonathan Aberdein #43<\/strong><\/p>\n<p>&#8222;Pocz\u0105tek nie by\u0142 szcz\u0119\u015bliwy, a Rui zrobi\u0142 wszystko, co m\u00f3g\u0142 w tej sytuacji po starcie. Dosz\u0142o do incydentu, za kt\u00f3ry \u2013 osobi\u015bcie uwa\u017cam \u2013 nie powinni\u015bmy zosta\u0107 ukarani, ale p\u00f3\u017aniej Olli wykona\u0142 \u015bwietny podw\u00f3jny przejazd w \u015brodkowej fazie wy\u015bcigu. Jest jak jest. My\u015bl\u0119, \u017ce mo\u017cemy by\u0107 szcz\u0119\u015bliwi, \u017ce stan\u0119li\u015bmy na podium&#8221;.<\/p>\n<p>&nbsp;<\/p>\n<p><strong>Olli Caldwell #43 <\/strong><\/p>\n<p>&#8222;Mam s\u0142odko-gorzkie uczucia co do tego wyniku. Wy\u015bcig nie poszed\u0142 zgodnie z planem, chocia\u017c samoch\u00f3d by\u0142 naprawd\u0119 szybki. Niestety, nie mamy wp\u0142ywu na wszystko, co dzieje si\u0119 w wy\u015bcigu i czasami trzeba si\u0119 z tym pogodzi\u0107. Skoro uda\u0142o si\u0119 awansowa\u0107 z niemal ostatniego miejsca na podium klasy LMP2, musimy by\u0107 z tego zadowoleni&#8221;.<\/p>\n<p>&nbsp;<\/p>\n<p><strong>Rui Andrade #43 <\/strong><\/p>\n<p>&#8222;Pocz\u0105tek by\u0142 trudny. Potem by\u0142 kontakt i straci\u0142em si\u0142\u0119 docisku. Chcia\u0142em przetrwa\u0107 do ko\u0144ca zmiany. Moi koledzy z za\u0142ogi przej\u0119li samoch\u00f3d, mieli\u015bmy szcz\u0119\u015bcie, \u017ce wyjecha\u0142 na tor samoch\u00f3d bezpiecze\u0144stwa. Olli i Jonathan wykonali \u015bwietn\u0105 robot\u0119, odrabiaj\u0105c straty w ko\u0144c\u00f3wce i zdobywaj\u0105c punkty. Zrekompensowali w ten spos\u00f3b straty poniesione w Barcelonie. Uzyskali\u015bmy dobry wynik, a teraz musimy zobaczy\u0107, co mo\u017cna poprawi\u0107 przed Aragoni\u0105.\u201d<\/p>","protected":false},"excerpt":{"rendered":"<p>Za\u0142oga polskiego zespo\u0142u Inter Europol Competition w sk\u0142adzie Rui Andrade, Olli Caldwell i Jonathan Aberdein w prototypie Oreca z numerem 43 zaj\u0119\u0142a doskona\u0142e trzecie miejsce w klasie LMP2 w drugiej rundzie European Le Mans Series w niedziel\u0119 po po\u0142udniu na torze Paul Ricard na po\u0142udniu Francji. &nbsp; Kluczem do sukcesu [&hellip;]<\/p>\n","protected":false},"author":9,"featured_media":15715,"comment_status":"open","ping_status":"open","sticky":false,"template":"","format":"standard","meta":{"footnotes":""},"categories":[108,50],"tags":[69,109],"class_list":["post-7250","post","type-post","status-publish","format-standard","has-post-thumbnail","hentry","category-elms-2","category-news","tag-elms","tag-paul-ricard"],"yoast_head":"<!-- This site is optimized with the Yoast SEO plugin v27.5 - https:\/\/yoast.com\/product\/yoast-seo-wordpress\/ -->\n<title>Wytrwa\u0142o\u015b\u0107 pop\u0142aca! Inter Europol Competition na podium w Le Castellet - Inter Europol Competition<\/title>\n<meta name=\"robots\" content=\"index, follow, max-snippet:-1, max-image-preview:large, max-video-preview:-1\" \/>\n<link rel=\"canonical\" href=\"https:\/\/intereuropolcompetition.eu\/pl\/persistence-pays-dividends-for-inter-europol-competition-in-the-4-hours-of-le-castellet\/\" \/>\n<meta property=\"og:locale\" content=\"pl_PL\" \/>\n<meta property=\"og:type\" content=\"article\" \/>\n<meta property=\"og:title\" content=\"Wytrwa\u0142o\u015b\u0107 pop\u0142aca! Inter Europol Competition na podium w Le Castellet - Inter Europol Competition\" \/>\n<meta property=\"og:description\" content=\"Za\u0142oga polskiego zespo\u0142u Inter Europol Competition w sk\u0142adzie Rui Andrade, Olli Caldwell i Jonathan Aberdein w prototypie Oreca z numerem 43 zaj\u0119\u0142a doskona\u0142e trzecie miejsce w klasie LMP2 w drugiej rundzie European Le Mans Series w niedziel\u0119 po po\u0142udniu na torze Paul Ricard na po\u0142udniu Francji. &nbsp; Kluczem do sukcesu [&hellip;]\" \/>\n<meta property=\"og:url\" content=\"https:\/\/intereuropolcompetition.eu\/pl\/persistence-pays-dividends-for-inter-europol-competition-in-the-4-hours-of-le-castellet\/\" \/>\n<meta property=\"og:site_name\" content=\"Inter Europol Competition\" \/>\n<meta property=\"article:publisher\" content=\"https:\/\/www.facebook.com\/InterEuropolCompetition\" \/>\n<meta property=\"article:published_time\" content=\"2023-07-16T18:05:13+00:00\" \/>\n<meta property=\"article:modified_time\" content=\"2023-12-19T10:36:35+00:00\" \/>\n<meta property=\"og:image\" content=\"https:\/\/intereuropolcompetition.eu\/wp-content\/uploads\/2023\/07\/23-07-16.jpg\" \/>\n\t<meta property=\"og:image:width\" content=\"1024\" \/>\n\t<meta property=\"og:image:height\" content=\"683\" \/>\n\t<meta property=\"og:image:type\" content=\"image\/jpeg\" \/>\n<meta name=\"author\" content=\"Julia Wr\u00f3bel\" \/>\n<meta name=\"twitter:card\" content=\"summary_large_image\" \/>\n<meta name=\"twitter:creator\" content=\"@IE_Competition\" \/>\n<meta name=\"twitter:site\" content=\"@IE_Competition\" \/>\n<meta name=\"twitter:label1\" content=\"Napisane przez\" \/>\n\t<meta name=\"twitter:data1\" content=\"Julia Wr\u00f3bel\" \/>\n\t<meta name=\"twitter:label2\" content=\"Szacowany czas czytania\" \/>\n\t<meta name=\"twitter:data2\" content=\"5 minut\" \/>\n<script type=\"application\/ld+json\" class=\"yoast-schema-graph\">{\"@context\":\"https:\\\/\\\/schema.org\",\"@graph\":[{\"@type\":\"Article\",\"@id\":\"https:\\\/\\\/intereuropolcompetition.eu\\\/persistence-pays-dividends-for-inter-europol-competition-in-the-4-hours-of-le-castellet\\\/#article\",\"isPartOf\":{\"@id\":\"https:\\\/\\\/intereuropolcompetition.eu\\\/persistence-pays-dividends-for-inter-europol-competition-in-the-4-hours-of-le-castellet\\\/\"},\"author\":{\"name\":\"Julia Wr\u00f3bel\",\"@id\":\"https:\\\/\\\/intereuropolcompetition.eu\\\/#\\\/schema\\\/person\\\/d453b01d0bf12cd0e445e5a7c3a268df\"},\"headline\":\"Wytrwa\u0142o\u015b\u0107 pop\u0142aca! Inter Europol Competition na podium w Le Castellet\",\"datePublished\":\"2023-07-16T18:05:13+00:00\",\"dateModified\":\"2023-12-19T10:36:35+00:00\",\"mainEntityOfPage\":{\"@id\":\"https:\\\/\\\/intereuropolcompetition.eu\\\/persistence-pays-dividends-for-inter-europol-competition-in-the-4-hours-of-le-castellet\\\/\"},\"wordCount\":1694,\"commentCount\":0,\"image\":{\"@id\":\"https:\\\/\\\/intereuropolcompetition.eu\\\/persistence-pays-dividends-for-inter-europol-competition-in-the-4-hours-of-le-castellet\\\/#primaryimage\"},\"thumbnailUrl\":\"https:\\\/\\\/intereuropolcompetition.eu\\\/wp-content\\\/uploads\\\/2023\\\/07\\\/23-07-16.jpg\",\"keywords\":[\"ELMS\",\"Paul Ricard\"],\"articleSection\":[\"ELMS\",\"News\"],\"inLanguage\":\"pl-PL\",\"potentialAction\":[{\"@type\":\"CommentAction\",\"name\":\"Comment\",\"target\":[\"https:\\\/\\\/intereuropolcompetition.eu\\\/persistence-pays-dividends-for-inter-europol-competition-in-the-4-hours-of-le-castellet\\\/#respond\"]}]},{\"@type\":\"WebPage\",\"@id\":\"https:\\\/\\\/intereuropolcompetition.eu\\\/pl\\\/persistence-pays-dividends-for-inter-europol-competition-in-the-4-hours-of-le-castellet\\\/\",\"url\":\"https:\\\/\\\/intereuropolcompetition.eu\\\/pl\\\/persistence-pays-dividends-for-inter-europol-competition-in-the-4-hours-of-le-castellet\\\/\",\"name\":\"Wytrwa\u0142o\u015b\u0107 pop\u0142aca! Inter Europol Competition na podium w Le Castellet - Inter Europol Competition\",\"isPartOf\":{\"@id\":\"https:\\\/\\\/intereuropolcompetition.eu\\\/pl\\\/#website\"},\"primaryImageOfPage\":{\"@id\":\"https:\\\/\\\/intereuropolcompetition.eu\\\/pl\\\/persistence-pays-dividends-for-inter-europol-competition-in-the-4-hours-of-le-castellet\\\/#primaryimage\"},\"image\":{\"@id\":\"https:\\\/\\\/intereuropolcompetition.eu\\\/persistence-pays-dividends-for-inter-europol-competition-in-the-4-hours-of-le-castellet\\\/#primaryimage\"},\"thumbnailUrl\":\"https:\\\/\\\/intereuropolcompetition.eu\\\/wp-content\\\/uploads\\\/2023\\\/07\\\/23-07-16.jpg\",\"datePublished\":\"2023-07-16T18:05:13+00:00\",\"dateModified\":\"2023-12-19T10:36:35+00:00\",\"author\":{\"@id\":\"https:\\\/\\\/intereuropolcompetition.eu\\\/#\\\/schema\\\/person\\\/d453b01d0bf12cd0e445e5a7c3a268df\"},\"breadcrumb\":{\"@id\":\"https:\\\/\\\/intereuropolcompetition.eu\\\/pl\\\/persistence-pays-dividends-for-inter-europol-competition-in-the-4-hours-of-le-castellet\\\/#breadcrumb\"},\"inLanguage\":\"pl-PL\",\"potentialAction\":[{\"@type\":\"ReadAction\",\"target\":[[\"https:\\\/\\\/intereuropolcompetition.eu\\\/pl\\\/persistence-pays-dividends-for-inter-europol-competition-in-the-4-hours-of-le-castellet\\\/\"]]}]},{\"@type\":\"ImageObject\",\"inLanguage\":\"pl-PL\",\"@id\":\"https:\\\/\\\/intereuropolcompetition.eu\\\/pl\\\/persistence-pays-dividends-for-inter-europol-competition-in-the-4-hours-of-le-castellet\\\/#primaryimage\",\"url\":\"https:\\\/\\\/intereuropolcompetition.eu\\\/wp-content\\\/uploads\\\/2023\\\/07\\\/23-07-16.jpg\",\"contentUrl\":\"https:\\\/\\\/intereuropolcompetition.eu\\\/wp-content\\\/uploads\\\/2023\\\/07\\\/23-07-16.jpg\",\"width\":1024,\"height\":683},{\"@type\":\"BreadcrumbList\",\"@id\":\"https:\\\/\\\/intereuropolcompetition.eu\\\/pl\\\/persistence-pays-dividends-for-inter-europol-competition-in-the-4-hours-of-le-castellet\\\/#breadcrumb\",\"itemListElement\":[{\"@type\":\"ListItem\",\"position\":1,\"name\":\"Home\",\"item\":\"https:\\\/\\\/intereuropolcompetition.eu\\\/pl\\\/\"},{\"@type\":\"ListItem\",\"position\":2,\"name\":\"Wytrwa\u0142o\u015b\u0107 pop\u0142aca! Inter Europol Competition na podium w Le Castellet\"}]},{\"@type\":\"WebSite\",\"@id\":\"https:\\\/\\\/intereuropolcompetition.eu\\\/pl\\\/#website\",\"url\":\"https:\\\/\\\/intereuropolcompetition.eu\\\/pl\\\/\",\"name\":\"Inter Europol Competition\",\"description\":\"Mi\u0119dzynarodowy zesp\u00f3\u0142 bior\u0105cy udzia\u0142 wy\u015bcigach serii VdeV, ELMS i BOSS GP\",\"potentialAction\":[{\"@type\":\"SearchAction\",\"target\":{\"@type\":\"EntryPoint\",\"urlTemplate\":\"https:\\\/\\\/intereuropolcompetition.eu\\\/pl\\\/?s={search_term_string}\"},\"query-input\":{\"@type\":\"PropertyValueSpecification\",\"valueRequired\":true,\"valueName\":\"search_term_string\"}}],\"inLanguage\":\"pl-PL\"},{\"@type\":\"Person\",\"@id\":\"https:\\\/\\\/intereuropolcompetition.eu\\\/#\\\/schema\\\/person\\\/d453b01d0bf12cd0e445e5a7c3a268df\",\"name\":\"Julia Wr\u00f3bel\",\"image\":{\"@type\":\"ImageObject\",\"inLanguage\":\"pl-PL\",\"@id\":\"https:\\\/\\\/secure.gravatar.com\\\/avatar\\\/6e8a97a41e2716729d2a0f5fc3d42c4b3e8b2f4711057b424f47a089006f0d3e?s=96&d=blank&r=g\",\"url\":\"https:\\\/\\\/secure.gravatar.com\\\/avatar\\\/6e8a97a41e2716729d2a0f5fc3d42c4b3e8b2f4711057b424f47a089006f0d3e?s=96&d=blank&r=g\",\"contentUrl\":\"https:\\\/\\\/secure.gravatar.com\\\/avatar\\\/6e8a97a41e2716729d2a0f5fc3d42c4b3e8b2f4711057b424f47a089006f0d3e?s=96&d=blank&r=g\",\"caption\":\"Julia Wr\u00f3bel\"},\"url\":\"https:\\\/\\\/intereuropolcompetition.eu\\\/pl\\\/author\\\/jwrobel\\\/\"}]}<\/script>\n<!-- \/ Yoast SEO plugin. -->","yoast_head_json":{"title":"Wytrwa\u0142o\u015b\u0107 pop\u0142aca! Inter Europol Competition na podium w Le Castellet - Inter Europol Competition","robots":{"index":"index","follow":"follow","max-snippet":"max-snippet:-1","max-image-preview":"max-image-preview:large","max-video-preview":"max-video-preview:-1"},"canonical":"https:\/\/intereuropolcompetition.eu\/pl\/persistence-pays-dividends-for-inter-europol-competition-in-the-4-hours-of-le-castellet\/","og_locale":"pl_PL","og_type":"article","og_title":"Wytrwa\u0142o\u015b\u0107 pop\u0142aca! Inter Europol Competition na podium w Le Castellet - Inter Europol Competition","og_description":"Za\u0142oga polskiego zespo\u0142u Inter Europol Competition w sk\u0142adzie Rui Andrade, Olli Caldwell i Jonathan Aberdein w prototypie Oreca z numerem 43 zaj\u0119\u0142a doskona\u0142e trzecie miejsce w klasie LMP2 w drugiej rundzie European Le Mans Series w niedziel\u0119 po po\u0142udniu na torze Paul Ricard na po\u0142udniu Francji. &nbsp; Kluczem do sukcesu [&hellip;]","og_url":"https:\/\/intereuropolcompetition.eu\/pl\/persistence-pays-dividends-for-inter-europol-competition-in-the-4-hours-of-le-castellet\/","og_site_name":"Inter Europol Competition","article_publisher":"https:\/\/www.facebook.com\/InterEuropolCompetition","article_published_time":"2023-07-16T18:05:13+00:00","article_modified_time":"2023-12-19T10:36:35+00:00","og_image":[{"width":1024,"height":683,"url":"https:\/\/intereuropolcompetition.eu\/wp-content\/uploads\/2023\/07\/23-07-16.jpg","type":"image\/jpeg"}],"author":"Julia Wr\u00f3bel","twitter_card":"summary_large_image","twitter_creator":"@IE_Competition","twitter_site":"@IE_Competition","twitter_misc":{"Napisane przez":"Julia Wr\u00f3bel","Szacowany czas czytania":"5 minut"},"schema":{"@context":"https:\/\/schema.org","@graph":[{"@type":"Article","@id":"https:\/\/intereuropolcompetition.eu\/persistence-pays-dividends-for-inter-europol-competition-in-the-4-hours-of-le-castellet\/#article","isPartOf":{"@id":"https:\/\/intereuropolcompetition.eu\/persistence-pays-dividends-for-inter-europol-competition-in-the-4-hours-of-le-castellet\/"},"author":{"name":"Julia Wr\u00f3bel","@id":"https:\/\/intereuropolcompetition.eu\/#\/schema\/person\/d453b01d0bf12cd0e445e5a7c3a268df"},"headline":"Wytrwa\u0142o\u015b\u0107 pop\u0142aca! Inter Europol Competition na podium w Le Castellet","datePublished":"2023-07-16T18:05:13+00:00","dateModified":"2023-12-19T10:36:35+00:00","mainEntityOfPage":{"@id":"https:\/\/intereuropolcompetition.eu\/persistence-pays-dividends-for-inter-europol-competition-in-the-4-hours-of-le-castellet\/"},"wordCount":1694,"commentCount":0,"image":{"@id":"https:\/\/intereuropolcompetition.eu\/persistence-pays-dividends-for-inter-europol-competition-in-the-4-hours-of-le-castellet\/#primaryimage"},"thumbnailUrl":"https:\/\/intereuropolcompetition.eu\/wp-content\/uploads\/2023\/07\/23-07-16.jpg","keywords":["ELMS","Paul Ricard"],"articleSection":["ELMS","News"],"inLanguage":"pl-PL","potentialAction":[{"@type":"CommentAction","name":"Comment","target":["https:\/\/intereuropolcompetition.eu\/persistence-pays-dividends-for-inter-europol-competition-in-the-4-hours-of-le-castellet\/#respond"]}]},{"@type":"WebPage","@id":"https:\/\/intereuropolcompetition.eu\/pl\/persistence-pays-dividends-for-inter-europol-competition-in-the-4-hours-of-le-castellet\/","url":"https:\/\/intereuropolcompetition.eu\/pl\/persistence-pays-dividends-for-inter-europol-competition-in-the-4-hours-of-le-castellet\/","name":"Wytrwa\u0142o\u015b\u0107 pop\u0142aca! Inter Europol Competition na podium w Le Castellet - Inter Europol Competition","isPartOf":{"@id":"https:\/\/intereuropolcompetition.eu\/pl\/#website"},"primaryImageOfPage":{"@id":"https:\/\/intereuropolcompetition.eu\/pl\/persistence-pays-dividends-for-inter-europol-competition-in-the-4-hours-of-le-castellet\/#primaryimage"},"image":{"@id":"https:\/\/intereuropolcompetition.eu\/persistence-pays-dividends-for-inter-europol-competition-in-the-4-hours-of-le-castellet\/#primaryimage"},"thumbnailUrl":"https:\/\/intereuropolcompetition.eu\/wp-content\/uploads\/2023\/07\/23-07-16.jpg","datePublished":"2023-07-16T18:05:13+00:00","dateModified":"2023-12-19T10:36:35+00:00","author":{"@id":"https:\/\/intereuropolcompetition.eu\/#\/schema\/person\/d453b01d0bf12cd0e445e5a7c3a268df"},"breadcrumb":{"@id":"https:\/\/intereuropolcompetition.eu\/pl\/persistence-pays-dividends-for-inter-europol-competition-in-the-4-hours-of-le-castellet\/#breadcrumb"},"inLanguage":"pl-PL","potentialAction":[{"@type":"ReadAction","target":[["https:\/\/intereuropolcompetition.eu\/pl\/persistence-pays-dividends-for-inter-europol-competition-in-the-4-hours-of-le-castellet\/"]]}]},{"@type":"ImageObject","inLanguage":"pl-PL","@id":"https:\/\/intereuropolcompetition.eu\/pl\/persistence-pays-dividends-for-inter-europol-competition-in-the-4-hours-of-le-castellet\/#primaryimage","url":"https:\/\/intereuropolcompetition.eu\/wp-content\/uploads\/2023\/07\/23-07-16.jpg","contentUrl":"https:\/\/intereuropolcompetition.eu\/wp-content\/uploads\/2023\/07\/23-07-16.jpg","width":1024,"height":683},{"@type":"BreadcrumbList","@id":"https:\/\/intereuropolcompetition.eu\/pl\/persistence-pays-dividends-for-inter-europol-competition-in-the-4-hours-of-le-castellet\/#breadcrumb","itemListElement":[{"@type":"ListItem","position":1,"name":"Home","item":"https:\/\/intereuropolcompetition.eu\/pl\/"},{"@type":"ListItem","position":2,"name":"Wytrwa\u0142o\u015b\u0107 pop\u0142aca! Inter Europol Competition na podium w Le Castellet"}]},{"@type":"WebSite","@id":"https:\/\/intereuropolcompetition.eu\/pl\/#website","url":"https:\/\/intereuropolcompetition.eu\/pl\/","name":"Inter Europol Competition","description":"Mi\u0119dzynarodowy zesp\u00f3\u0142 bior\u0105cy udzia\u0142 wy\u015bcigach serii VdeV, ELMS i BOSS GP","potentialAction":[{"@type":"SearchAction","target":{"@type":"EntryPoint","urlTemplate":"https:\/\/intereuropolcompetition.eu\/pl\/?s={search_term_string}"},"query-input":{"@type":"PropertyValueSpecification","valueRequired":true,"valueName":"search_term_string"}}],"inLanguage":"pl-PL"},{"@type":"Person","@id":"https:\/\/intereuropolcompetition.eu\/#\/schema\/person\/d453b01d0bf12cd0e445e5a7c3a268df","name":"Julia Wr\u00f3bel","image":{"@type":"ImageObject","inLanguage":"pl-PL","@id":"https:\/\/secure.gravatar.com\/avatar\/6e8a97a41e2716729d2a0f5fc3d42c4b3e8b2f4711057b424f47a089006f0d3e?s=96&d=blank&r=g","url":"https:\/\/secure.gravatar.com\/avatar\/6e8a97a41e2716729d2a0f5fc3d42c4b3e8b2f4711057b424f47a089006f0d3e?s=96&d=blank&r=g","contentUrl":"https:\/\/secure.gravatar.com\/avatar\/6e8a97a41e2716729d2a0f5fc3d42c4b3e8b2f4711057b424f47a089006f0d3e?s=96&d=blank&r=g","caption":"Julia Wr\u00f3bel"},"url":"https:\/\/intereuropolcompetition.eu\/pl\/author\/jwrobel\/"}]}},"_links":{"self":[{"href":"https:\/\/intereuropolcompetition.eu\/pl\/wp-json\/wp\/v2\/posts\/7250","targetHints":{"allow":["GET"]}}],"collection":[{"href":"https:\/\/intereuropolcompetition.eu\/pl\/wp-json\/wp\/v2\/posts"}],"about":[{"href":"https:\/\/intereuropolcompetition.eu\/pl\/wp-json\/wp\/v2\/types\/post"}],"author":[{"embeddable":true,"href":"https:\/\/intereuropolcompetition.eu\/pl\/wp-json\/wp\/v2\/users\/9"}],"replies":[{"embeddable":true,"href":"https:\/\/intereuropolcompetition.eu\/pl\/wp-json\/wp\/v2\/comments?post=7250"}],"version-history":[{"count":1,"href":"https:\/\/intereuropolcompetition.eu\/pl\/wp-json\/wp\/v2\/posts\/7250\/revisions"}],"predecessor-version":[{"id":15716,"href":"https:\/\/intereuropolcompetition.eu\/pl\/wp-json\/wp\/v2\/posts\/7250\/revisions\/15716"}],"wp:featuredmedia":[{"embeddable":true,"href":"https:\/\/intereuropolcompetition.eu\/pl\/wp-json\/wp\/v2\/media\/15715"}],"wp:attachment":[{"href":"https:\/\/intereuropolcompetition.eu\/pl\/wp-json\/wp\/v2\/media?parent=7250"}],"wp:term":[{"taxonomy":"category","embeddable":true,"href":"https:\/\/intereuropolcompetition.eu\/pl\/wp-json\/wp\/v2\/categories?post=7250"},{"taxonomy":"post_tag","embeddable":true,"href":"https:\/\/intereuropolcompetition.eu\/pl\/wp-json\/wp\/v2\/tags?post=7250"}],"curies":[{"name":"wp","href":"https:\/\/api.w.org\/{rel}","templated":true}]}}