{"id":7157,"date":"2023-06-16T14:18:39","date_gmt":"2023-06-16T12:18:39","guid":{"rendered":"https:\/\/intereuropolcompetition.eu\/?p=7157"},"modified":"2023-12-19T11:39:05","modified_gmt":"2023-12-19T10:39:05","slug":"reflections-on-via-most-memorable-day-and-victory-at-le-mans","status":"publish","type":"post","link":"https:\/\/intereuropolcompetition.eu\/pl\/reflections-on-via-most-memorable-day-and-victory-at-le-mans\/","title":{"rendered":"(English) Reflections on via most memorable day and victory at Le Mans."},"content":{"rendered":"<p class=\"qtranxs-available-languages-message qtranxs-available-languages-message-pl\">Przepraszamy, ten wpis jest dost\u0119pny tylko w j\u0119zyku <a href=\"https:\/\/intereuropolcompetition.eu\/en\/wp-json\/wp\/v2\/posts\/7157\" class=\"qtranxs-available-language-link qtranxs-available-language-link-en\" title=\"English\">English<\/a>.<\/p><p>It was something extraordinary when the #34 Inter Europol Competition Oreca took the chequered flag at the centenary edition of the 24 hours of Le Mans. It was the Polish-based team\u2019s first victory at the legendary Circuit de la Sarthe and in the FIA World Endurance Championship, the pinnacle of sportscar racing.<\/p>\n<p>Such a historic victory is never easy, but the team and drivers Kuba \u015amiechowski, Fabio Scherer, and Albert Costa Balboa moved to the front of the field and dominated large portions of the 24-hour event before taking the well-deserved and hard-fought win. <\/p>\n<p>\u201cIt\u2019s a very special day for everybody,\u201d founder Wojciech \u015amiechowski said. \u201cEspecially for people here from the beginning that perhaps did not expect to be here at Le Mans someday, and even if they did, they would not have expected to win this race someday! We have achieved this together over many years, and it is always collective work, not one or three people. The whole team has responsible people from so many areas.\u201d <\/p>\n<p>The journey to the ultimate prize has been one of continuous improvement, and for team manager Sascha Fassbender, the win was part of a process involving so many individuals that make for a great team.<\/p>\n<p>\u201cWe started the endurance project in 2016 and obviously I wanted to go to Le Mans to win it, something I wished for, but I never expected it to happen to be honest,\u201d he said. \u201cToday, everything was perfect; the team did an amazing job, all the mechanics executing what they have done for months and months before with no mistakes. Everyone is a vital cog in the whole machine. <\/p>\n<p>\u201cIt\u2019s been an amazing two days and it was a tough race; we had to stay out of trouble. The weather was unexpected, and it was so easy to make a mistake. Fabio and Albert did a fantastic job in those conditions to keep the car on track and that is why we were able to win. <\/p>\n<p>\u201cAlso because of the great team. Today everything was executed as it should be and at the end of the day it\u2019s beautiful that everyone could contribute to where we are now.\u201d<\/p>","protected":false},"excerpt":{"rendered":"<p>Przepraszamy, ten wpis jest dost\u0119pny tylko w j\u0119zyku English.It was something extraordinary when the #34 Inter Europol Competition Oreca took the chequered flag at the centenary edition of the 24 hours of Le Mans. It was the Polish-based team\u2019s first victory at the legendary Circuit de la Sarthe and in [&hellip;]<\/p>\n","protected":false},"author":9,"featured_media":15723,"comment_status":"open","ping_status":"open","sticky":false,"template":"","format":"standard","meta":{"footnotes":""},"categories":[98,50],"tags":[71,95],"class_list":["post-7157","post","type-post","status-publish","format-standard","has-post-thumbnail","hentry","category-fia-wec","category-news","tag-fia-wec","tag-le-mans"],"yoast_head":"<!-- This site is optimized with the Yoast SEO plugin v27.5 - https:\/\/yoast.com\/product\/yoast-seo-wordpress\/ -->\n<title>(English) Reflections on via most memorable day and victory at Le Mans. - Inter Europol Competition<\/title>\n<meta name=\"robots\" content=\"index, follow, max-snippet:-1, max-image-preview:large, max-video-preview:-1\" \/>\n<link rel=\"canonical\" href=\"https:\/\/intereuropolcompetition.eu\/pl\/reflections-on-via-most-memorable-day-and-victory-at-le-mans\/\" \/>\n<meta property=\"og:locale\" content=\"pl_PL\" \/>\n<meta property=\"og:type\" content=\"article\" \/>\n<meta property=\"og:title\" content=\"(English) Reflections on via most memorable day and victory at Le Mans. - Inter Europol Competition\" \/>\n<meta property=\"og:description\" content=\"Przepraszamy, ten wpis jest dost\u0119pny tylko w j\u0119zyku English.It was something extraordinary when the #34 Inter Europol Competition Oreca took the chequered flag at the centenary edition of the 24 hours of Le Mans. It was the Polish-based team\u2019s first victory at the legendary Circuit de la Sarthe and in [&hellip;]\" \/>\n<meta property=\"og:url\" content=\"https:\/\/intereuropolcompetition.eu\/pl\/reflections-on-via-most-memorable-day-and-victory-at-le-mans\/\" \/>\n<meta property=\"og:site_name\" content=\"Inter Europol Competition\" \/>\n<meta property=\"article:publisher\" content=\"https:\/\/www.facebook.com\/InterEuropolCompetition\" \/>\n<meta property=\"article:published_time\" content=\"2023-06-16T12:18:39+00:00\" \/>\n<meta property=\"article:modified_time\" content=\"2023-12-19T10:39:05+00:00\" \/>\n<meta property=\"og:image\" content=\"https:\/\/intereuropolcompetition.eu\/wp-content\/uploads\/2023\/06\/23-06-16.jpg\" \/>\n\t<meta property=\"og:image:width\" content=\"1024\" \/>\n\t<meta property=\"og:image:height\" content=\"683\" \/>\n\t<meta property=\"og:image:type\" content=\"image\/jpeg\" \/>\n<meta name=\"author\" content=\"Julia Wr\u00f3bel\" \/>\n<meta name=\"twitter:card\" content=\"summary_large_image\" \/>\n<meta name=\"twitter:creator\" content=\"@IE_Competition\" \/>\n<meta name=\"twitter:site\" content=\"@IE_Competition\" \/>\n<meta name=\"twitter:label1\" content=\"Napisane przez\" \/>\n\t<meta name=\"twitter:data1\" content=\"Julia Wr\u00f3bel\" \/>\n\t<meta name=\"twitter:label2\" content=\"Szacowany czas czytania\" \/>\n\t<meta name=\"twitter:data2\" content=\"3 minuty\" \/>\n<script type=\"application\/ld+json\" class=\"yoast-schema-graph\">{\"@context\":\"https:\\\/\\\/schema.org\",\"@graph\":[{\"@type\":\"Article\",\"@id\":\"https:\\\/\\\/intereuropolcompetition.eu\\\/reflections-on-via-most-memorable-day-and-victory-at-le-mans\\\/#article\",\"isPartOf\":{\"@id\":\"https:\\\/\\\/intereuropolcompetition.eu\\\/reflections-on-via-most-memorable-day-and-victory-at-le-mans\\\/\"},\"author\":{\"name\":\"Julia Wr\u00f3bel\",\"@id\":\"https:\\\/\\\/intereuropolcompetition.eu\\\/#\\\/schema\\\/person\\\/d453b01d0bf12cd0e445e5a7c3a268df\"},\"headline\":\"(English) Reflections on via most memorable day and victory at Le Mans.\",\"datePublished\":\"2023-06-16T12:18:39+00:00\",\"dateModified\":\"2023-12-19T10:39:05+00:00\",\"mainEntityOfPage\":{\"@id\":\"https:\\\/\\\/intereuropolcompetition.eu\\\/reflections-on-via-most-memorable-day-and-victory-at-le-mans\\\/\"},\"wordCount\":376,\"commentCount\":0,\"image\":{\"@id\":\"https:\\\/\\\/intereuropolcompetition.eu\\\/reflections-on-via-most-memorable-day-and-victory-at-le-mans\\\/#primaryimage\"},\"thumbnailUrl\":\"https:\\\/\\\/intereuropolcompetition.eu\\\/wp-content\\\/uploads\\\/2023\\\/06\\\/23-06-16.jpg\",\"keywords\":[\"FIA WEC\",\"Le Mans\"],\"articleSection\":[\"FIA WEC\",\"News\"],\"inLanguage\":\"pl-PL\",\"potentialAction\":[{\"@type\":\"CommentAction\",\"name\":\"Comment\",\"target\":[\"https:\\\/\\\/intereuropolcompetition.eu\\\/reflections-on-via-most-memorable-day-and-victory-at-le-mans\\\/#respond\"]}]},{\"@type\":\"WebPage\",\"@id\":\"https:\\\/\\\/intereuropolcompetition.eu\\\/pl\\\/reflections-on-via-most-memorable-day-and-victory-at-le-mans\\\/\",\"url\":\"https:\\\/\\\/intereuropolcompetition.eu\\\/pl\\\/reflections-on-via-most-memorable-day-and-victory-at-le-mans\\\/\",\"name\":\"(English) Reflections on via most memorable day and victory at Le Mans. - Inter Europol Competition\",\"isPartOf\":{\"@id\":\"https:\\\/\\\/intereuropolcompetition.eu\\\/pl\\\/#website\"},\"primaryImageOfPage\":{\"@id\":\"https:\\\/\\\/intereuropolcompetition.eu\\\/pl\\\/reflections-on-via-most-memorable-day-and-victory-at-le-mans\\\/#primaryimage\"},\"image\":{\"@id\":\"https:\\\/\\\/intereuropolcompetition.eu\\\/reflections-on-via-most-memorable-day-and-victory-at-le-mans\\\/#primaryimage\"},\"thumbnailUrl\":\"https:\\\/\\\/intereuropolcompetition.eu\\\/wp-content\\\/uploads\\\/2023\\\/06\\\/23-06-16.jpg\",\"datePublished\":\"2023-06-16T12:18:39+00:00\",\"dateModified\":\"2023-12-19T10:39:05+00:00\",\"author\":{\"@id\":\"https:\\\/\\\/intereuropolcompetition.eu\\\/#\\\/schema\\\/person\\\/d453b01d0bf12cd0e445e5a7c3a268df\"},\"breadcrumb\":{\"@id\":\"https:\\\/\\\/intereuropolcompetition.eu\\\/pl\\\/reflections-on-via-most-memorable-day-and-victory-at-le-mans\\\/#breadcrumb\"},\"inLanguage\":\"pl-PL\",\"potentialAction\":[{\"@type\":\"ReadAction\",\"target\":[[\"https:\\\/\\\/intereuropolcompetition.eu\\\/pl\\\/reflections-on-via-most-memorable-day-and-victory-at-le-mans\\\/\"]]}]},{\"@type\":\"ImageObject\",\"inLanguage\":\"pl-PL\",\"@id\":\"https:\\\/\\\/intereuropolcompetition.eu\\\/pl\\\/reflections-on-via-most-memorable-day-and-victory-at-le-mans\\\/#primaryimage\",\"url\":\"https:\\\/\\\/intereuropolcompetition.eu\\\/wp-content\\\/uploads\\\/2023\\\/06\\\/23-06-16.jpg\",\"contentUrl\":\"https:\\\/\\\/intereuropolcompetition.eu\\\/wp-content\\\/uploads\\\/2023\\\/06\\\/23-06-16.jpg\",\"width\":1024,\"height\":683},{\"@type\":\"BreadcrumbList\",\"@id\":\"https:\\\/\\\/intereuropolcompetition.eu\\\/pl\\\/reflections-on-via-most-memorable-day-and-victory-at-le-mans\\\/#breadcrumb\",\"itemListElement\":[{\"@type\":\"ListItem\",\"position\":1,\"name\":\"Home\",\"item\":\"https:\\\/\\\/intereuropolcompetition.eu\\\/pl\\\/\"},{\"@type\":\"ListItem\",\"position\":2,\"name\":\"(English) Reflections on via most memorable day and victory at Le Mans.\"}]},{\"@type\":\"WebSite\",\"@id\":\"https:\\\/\\\/intereuropolcompetition.eu\\\/pl\\\/#website\",\"url\":\"https:\\\/\\\/intereuropolcompetition.eu\\\/pl\\\/\",\"name\":\"Inter Europol Competition\",\"description\":\"Mi\u0119dzynarodowy zesp\u00f3\u0142 bior\u0105cy udzia\u0142 wy\u015bcigach serii VdeV, ELMS i BOSS GP\",\"potentialAction\":[{\"@type\":\"SearchAction\",\"target\":{\"@type\":\"EntryPoint\",\"urlTemplate\":\"https:\\\/\\\/intereuropolcompetition.eu\\\/pl\\\/?s={search_term_string}\"},\"query-input\":{\"@type\":\"PropertyValueSpecification\",\"valueRequired\":true,\"valueName\":\"search_term_string\"}}],\"inLanguage\":\"pl-PL\"},{\"@type\":\"Person\",\"@id\":\"https:\\\/\\\/intereuropolcompetition.eu\\\/#\\\/schema\\\/person\\\/d453b01d0bf12cd0e445e5a7c3a268df\",\"name\":\"Julia Wr\u00f3bel\",\"image\":{\"@type\":\"ImageObject\",\"inLanguage\":\"pl-PL\",\"@id\":\"https:\\\/\\\/secure.gravatar.com\\\/avatar\\\/6e8a97a41e2716729d2a0f5fc3d42c4b3e8b2f4711057b424f47a089006f0d3e?s=96&d=blank&r=g\",\"url\":\"https:\\\/\\\/secure.gravatar.com\\\/avatar\\\/6e8a97a41e2716729d2a0f5fc3d42c4b3e8b2f4711057b424f47a089006f0d3e?s=96&d=blank&r=g\",\"contentUrl\":\"https:\\\/\\\/secure.gravatar.com\\\/avatar\\\/6e8a97a41e2716729d2a0f5fc3d42c4b3e8b2f4711057b424f47a089006f0d3e?s=96&d=blank&r=g\",\"caption\":\"Julia Wr\u00f3bel\"},\"url\":\"https:\\\/\\\/intereuropolcompetition.eu\\\/pl\\\/author\\\/jwrobel\\\/\"}]}<\/script>\n<!-- \/ Yoast SEO plugin. -->","yoast_head_json":{"title":"(English) Reflections on via most memorable day and victory at Le Mans. - Inter Europol Competition","robots":{"index":"index","follow":"follow","max-snippet":"max-snippet:-1","max-image-preview":"max-image-preview:large","max-video-preview":"max-video-preview:-1"},"canonical":"https:\/\/intereuropolcompetition.eu\/pl\/reflections-on-via-most-memorable-day-and-victory-at-le-mans\/","og_locale":"pl_PL","og_type":"article","og_title":"(English) Reflections on via most memorable day and victory at Le Mans. - Inter Europol Competition","og_description":"Przepraszamy, ten wpis jest dost\u0119pny tylko w j\u0119zyku English.It was something extraordinary when the #34 Inter Europol Competition Oreca took the chequered flag at the centenary edition of the 24 hours of Le Mans. It was the Polish-based team\u2019s first victory at the legendary Circuit de la Sarthe and in [&hellip;]","og_url":"https:\/\/intereuropolcompetition.eu\/pl\/reflections-on-via-most-memorable-day-and-victory-at-le-mans\/","og_site_name":"Inter Europol Competition","article_publisher":"https:\/\/www.facebook.com\/InterEuropolCompetition","article_published_time":"2023-06-16T12:18:39+00:00","article_modified_time":"2023-12-19T10:39:05+00:00","og_image":[{"width":1024,"height":683,"url":"https:\/\/intereuropolcompetition.eu\/wp-content\/uploads\/2023\/06\/23-06-16.jpg","type":"image\/jpeg"}],"author":"Julia Wr\u00f3bel","twitter_card":"summary_large_image","twitter_creator":"@IE_Competition","twitter_site":"@IE_Competition","twitter_misc":{"Napisane przez":"Julia Wr\u00f3bel","Szacowany czas czytania":"3 minuty"},"schema":{"@context":"https:\/\/schema.org","@graph":[{"@type":"Article","@id":"https:\/\/intereuropolcompetition.eu\/reflections-on-via-most-memorable-day-and-victory-at-le-mans\/#article","isPartOf":{"@id":"https:\/\/intereuropolcompetition.eu\/reflections-on-via-most-memorable-day-and-victory-at-le-mans\/"},"author":{"name":"Julia Wr\u00f3bel","@id":"https:\/\/intereuropolcompetition.eu\/#\/schema\/person\/d453b01d0bf12cd0e445e5a7c3a268df"},"headline":"(English) Reflections on via most memorable day and victory at Le Mans.","datePublished":"2023-06-16T12:18:39+00:00","dateModified":"2023-12-19T10:39:05+00:00","mainEntityOfPage":{"@id":"https:\/\/intereuropolcompetition.eu\/reflections-on-via-most-memorable-day-and-victory-at-le-mans\/"},"wordCount":376,"commentCount":0,"image":{"@id":"https:\/\/intereuropolcompetition.eu\/reflections-on-via-most-memorable-day-and-victory-at-le-mans\/#primaryimage"},"thumbnailUrl":"https:\/\/intereuropolcompetition.eu\/wp-content\/uploads\/2023\/06\/23-06-16.jpg","keywords":["FIA WEC","Le Mans"],"articleSection":["FIA WEC","News"],"inLanguage":"pl-PL","potentialAction":[{"@type":"CommentAction","name":"Comment","target":["https:\/\/intereuropolcompetition.eu\/reflections-on-via-most-memorable-day-and-victory-at-le-mans\/#respond"]}]},{"@type":"WebPage","@id":"https:\/\/intereuropolcompetition.eu\/pl\/reflections-on-via-most-memorable-day-and-victory-at-le-mans\/","url":"https:\/\/intereuropolcompetition.eu\/pl\/reflections-on-via-most-memorable-day-and-victory-at-le-mans\/","name":"(English) Reflections on via most memorable day and victory at Le Mans. - Inter Europol Competition","isPartOf":{"@id":"https:\/\/intereuropolcompetition.eu\/pl\/#website"},"primaryImageOfPage":{"@id":"https:\/\/intereuropolcompetition.eu\/pl\/reflections-on-via-most-memorable-day-and-victory-at-le-mans\/#primaryimage"},"image":{"@id":"https:\/\/intereuropolcompetition.eu\/reflections-on-via-most-memorable-day-and-victory-at-le-mans\/#primaryimage"},"thumbnailUrl":"https:\/\/intereuropolcompetition.eu\/wp-content\/uploads\/2023\/06\/23-06-16.jpg","datePublished":"2023-06-16T12:18:39+00:00","dateModified":"2023-12-19T10:39:05+00:00","author":{"@id":"https:\/\/intereuropolcompetition.eu\/#\/schema\/person\/d453b01d0bf12cd0e445e5a7c3a268df"},"breadcrumb":{"@id":"https:\/\/intereuropolcompetition.eu\/pl\/reflections-on-via-most-memorable-day-and-victory-at-le-mans\/#breadcrumb"},"inLanguage":"pl-PL","potentialAction":[{"@type":"ReadAction","target":[["https:\/\/intereuropolcompetition.eu\/pl\/reflections-on-via-most-memorable-day-and-victory-at-le-mans\/"]]}]},{"@type":"ImageObject","inLanguage":"pl-PL","@id":"https:\/\/intereuropolcompetition.eu\/pl\/reflections-on-via-most-memorable-day-and-victory-at-le-mans\/#primaryimage","url":"https:\/\/intereuropolcompetition.eu\/wp-content\/uploads\/2023\/06\/23-06-16.jpg","contentUrl":"https:\/\/intereuropolcompetition.eu\/wp-content\/uploads\/2023\/06\/23-06-16.jpg","width":1024,"height":683},{"@type":"BreadcrumbList","@id":"https:\/\/intereuropolcompetition.eu\/pl\/reflections-on-via-most-memorable-day-and-victory-at-le-mans\/#breadcrumb","itemListElement":[{"@type":"ListItem","position":1,"name":"Home","item":"https:\/\/intereuropolcompetition.eu\/pl\/"},{"@type":"ListItem","position":2,"name":"(English) Reflections on via most memorable day and victory at Le Mans."}]},{"@type":"WebSite","@id":"https:\/\/intereuropolcompetition.eu\/pl\/#website","url":"https:\/\/intereuropolcompetition.eu\/pl\/","name":"Inter Europol Competition","description":"Mi\u0119dzynarodowy zesp\u00f3\u0142 bior\u0105cy udzia\u0142 wy\u015bcigach serii VdeV, ELMS i BOSS GP","potentialAction":[{"@type":"SearchAction","target":{"@type":"EntryPoint","urlTemplate":"https:\/\/intereuropolcompetition.eu\/pl\/?s={search_term_string}"},"query-input":{"@type":"PropertyValueSpecification","valueRequired":true,"valueName":"search_term_string"}}],"inLanguage":"pl-PL"},{"@type":"Person","@id":"https:\/\/intereuropolcompetition.eu\/#\/schema\/person\/d453b01d0bf12cd0e445e5a7c3a268df","name":"Julia Wr\u00f3bel","image":{"@type":"ImageObject","inLanguage":"pl-PL","@id":"https:\/\/secure.gravatar.com\/avatar\/6e8a97a41e2716729d2a0f5fc3d42c4b3e8b2f4711057b424f47a089006f0d3e?s=96&d=blank&r=g","url":"https:\/\/secure.gravatar.com\/avatar\/6e8a97a41e2716729d2a0f5fc3d42c4b3e8b2f4711057b424f47a089006f0d3e?s=96&d=blank&r=g","contentUrl":"https:\/\/secure.gravatar.com\/avatar\/6e8a97a41e2716729d2a0f5fc3d42c4b3e8b2f4711057b424f47a089006f0d3e?s=96&d=blank&r=g","caption":"Julia Wr\u00f3bel"},"url":"https:\/\/intereuropolcompetition.eu\/pl\/author\/jwrobel\/"}]}},"_links":{"self":[{"href":"https:\/\/intereuropolcompetition.eu\/pl\/wp-json\/wp\/v2\/posts\/7157","targetHints":{"allow":["GET"]}}],"collection":[{"href":"https:\/\/intereuropolcompetition.eu\/pl\/wp-json\/wp\/v2\/posts"}],"about":[{"href":"https:\/\/intereuropolcompetition.eu\/pl\/wp-json\/wp\/v2\/types\/post"}],"author":[{"embeddable":true,"href":"https:\/\/intereuropolcompetition.eu\/pl\/wp-json\/wp\/v2\/users\/9"}],"replies":[{"embeddable":true,"href":"https:\/\/intereuropolcompetition.eu\/pl\/wp-json\/wp\/v2\/comments?post=7157"}],"version-history":[{"count":1,"href":"https:\/\/intereuropolcompetition.eu\/pl\/wp-json\/wp\/v2\/posts\/7157\/revisions"}],"predecessor-version":[{"id":15724,"href":"https:\/\/intereuropolcompetition.eu\/pl\/wp-json\/wp\/v2\/posts\/7157\/revisions\/15724"}],"wp:featuredmedia":[{"embeddable":true,"href":"https:\/\/intereuropolcompetition.eu\/pl\/wp-json\/wp\/v2\/media\/15723"}],"wp:attachment":[{"href":"https:\/\/intereuropolcompetition.eu\/pl\/wp-json\/wp\/v2\/media?parent=7157"}],"wp:term":[{"taxonomy":"category","embeddable":true,"href":"https:\/\/intereuropolcompetition.eu\/pl\/wp-json\/wp\/v2\/categories?post=7157"},{"taxonomy":"post_tag","embeddable":true,"href":"https:\/\/intereuropolcompetition.eu\/pl\/wp-json\/wp\/v2\/tags?post=7157"}],"curies":[{"name":"wp","href":"https:\/\/api.w.org\/{rel}","templated":true}]}}