{"id":2450,"date":"2017-10-27T16:09:02","date_gmt":"2017-10-27T14:09:02","guid":{"rendered":"https:\/\/intereuropolcompetition.eu\/?p=2450"},"modified":"2024-01-15T19:18:02","modified_gmt":"2024-01-15T18:18:02","slug":"come-warsaw-moto-show","status":"publish","type":"post","link":"https:\/\/intereuropolcompetition.eu\/pl\/come-warsaw-moto-show\/","title":{"rendered":"Zapraszamy na Warsaw Moto Show"},"content":{"rendered":"<p>W ten weekend (27-29 pa\u017adziernika) zesp\u00f3\u0142 Inter Europol Competition znajduje si\u0119 w Nadarzynie \u017ceby wzi\u0105\u0107 udzia\u0142 w Warsaw Moto Show. S\u0105 to jedne z najwi\u0119kszych targ\u00f3w motoryzacyjnych w Europie. B\u0119dzie mo\u017cna podziwia\u0107 jedn\u0105 z najbardziej udanych konstrukcji w historii F1: Bennetona B195, za kierownic\u0105 kt\u00f3rego Michael Schumacher zdoby\u0142 swoje drugie mistrzostwo \u015bwiata. Opr\u00f3cz tego na wystawie znajdzie si\u0119 r\u00f3wnie\u017c jego poprzednik: Benneton B194 prowadzony przez Schumachera. Szczeg\u00f3lnie interesuj\u0105ce dla polskich fan\u00f3w motorsportu mo\u017ce by\u0107 Renault R30, kt\u00f3rym w sezonie 2010 \u015bciga\u0142 si\u0119 Robert Kubica. Obok tych pi\u0119knych maszyn Formu\u0142y 1 b\u0119dzie mo\u017cna zobaczy\u0107 bolid GP2 z 2006 roku. Ptak Warsaw Expo jest otwarty na zwiedzanie codziennie od 10 do 18.<\/p>\n<p>Po wi\u0119cej informacji prosz\u0119 odwiedzi\u0107: http:\/\/warsawmotoshow.com\/<\/p>","protected":false},"excerpt":{"rendered":"<p>W ten weekend (27-29 pa\u017adziernika) zesp\u00f3\u0142 Inter Europol Competition znajduje si\u0119 w Nadarzynie \u017ceby wzi\u0105\u0107 udzia\u0142 w Warsaw Moto Show. S\u0105 to jedne z najwi\u0119kszych targ\u00f3w motoryzacyjnych w Europie. B\u0119dzie mo\u017cna podziwia\u0107 jedn\u0105 z najbardziej udanych konstrukcji w historii F1: Bennetona B195, za kierownic\u0105 kt\u00f3rego Michael Schumacher zdoby\u0142 swoje drugie [&hellip;]<\/p>\n","protected":false},"author":3,"featured_media":16643,"comment_status":"open","ping_status":"open","sticky":false,"template":"","format":"standard","meta":{"footnotes":""},"categories":[50],"tags":[],"class_list":["post-2450","post","type-post","status-publish","format-standard","has-post-thumbnail","hentry","category-news"],"yoast_head":"<!-- This site is optimized with the Yoast SEO plugin v27.5 - https:\/\/yoast.com\/product\/yoast-seo-wordpress\/ -->\n<title>Zapraszamy na Warsaw Moto Show - Inter Europol Competition<\/title>\n<meta name=\"robots\" content=\"index, follow, max-snippet:-1, max-image-preview:large, max-video-preview:-1\" \/>\n<link rel=\"canonical\" href=\"https:\/\/intereuropolcompetition.eu\/pl\/come-warsaw-moto-show\/\" \/>\n<meta property=\"og:locale\" content=\"pl_PL\" \/>\n<meta property=\"og:type\" content=\"article\" \/>\n<meta property=\"og:title\" content=\"Zapraszamy na Warsaw Moto Show - Inter Europol Competition\" \/>\n<meta property=\"og:description\" content=\"W ten weekend (27-29 pa\u017adziernika) zesp\u00f3\u0142 Inter Europol Competition znajduje si\u0119 w Nadarzynie \u017ceby wzi\u0105\u0107 udzia\u0142 w Warsaw Moto Show. S\u0105 to jedne z najwi\u0119kszych targ\u00f3w motoryzacyjnych w Europie. B\u0119dzie mo\u017cna podziwia\u0107 jedn\u0105 z najbardziej udanych konstrukcji w historii F1: Bennetona B195, za kierownic\u0105 kt\u00f3rego Michael Schumacher zdoby\u0142 swoje drugie [&hellip;]\" \/>\n<meta property=\"og:url\" content=\"https:\/\/intereuropolcompetition.eu\/pl\/come-warsaw-moto-show\/\" \/>\n<meta property=\"og:site_name\" content=\"Inter Europol Competition\" \/>\n<meta property=\"article:publisher\" content=\"https:\/\/www.facebook.com\/InterEuropolCompetition\" \/>\n<meta property=\"article:published_time\" content=\"2017-10-27T14:09:02+00:00\" \/>\n<meta property=\"article:modified_time\" content=\"2024-01-15T18:18:02+00:00\" \/>\n<meta property=\"og:image\" content=\"https:\/\/intereuropolcompetition.eu\/wp-content\/uploads\/2017\/11\/27.10.17.png\" \/>\n\t<meta property=\"og:image:width\" content=\"1024\" \/>\n\t<meta property=\"og:image:height\" content=\"498\" \/>\n\t<meta property=\"og:image:type\" content=\"image\/png\" \/>\n<meta name=\"author\" content=\"Cara de Vlaming\" \/>\n<meta name=\"twitter:card\" content=\"summary_large_image\" \/>\n<meta name=\"twitter:creator\" content=\"@IE_Competition\" \/>\n<meta name=\"twitter:site\" content=\"@IE_Competition\" \/>\n<meta name=\"twitter:label1\" content=\"Napisane przez\" \/>\n\t<meta name=\"twitter:data1\" content=\"Cara de Vlaming\" \/>\n\t<meta name=\"twitter:label2\" content=\"Szacowany czas czytania\" \/>\n\t<meta name=\"twitter:data2\" content=\"1 minuta\" \/>\n<script type=\"application\/ld+json\" class=\"yoast-schema-graph\">{\"@context\":\"https:\\\/\\\/schema.org\",\"@graph\":[{\"@type\":\"Article\",\"@id\":\"https:\\\/\\\/intereuropolcompetition.eu\\\/come-warsaw-moto-show\\\/#article\",\"isPartOf\":{\"@id\":\"https:\\\/\\\/intereuropolcompetition.eu\\\/come-warsaw-moto-show\\\/\"},\"author\":{\"name\":\"Cara de Vlaming\",\"@id\":\"https:\\\/\\\/intereuropolcompetition.eu\\\/#\\\/schema\\\/person\\\/459947d960a8e158dfc7cd9cc7220259\"},\"headline\":\"Zapraszamy na Warsaw Moto Show\",\"datePublished\":\"2017-10-27T14:09:02+00:00\",\"dateModified\":\"2024-01-15T18:18:02+00:00\",\"mainEntityOfPage\":{\"@id\":\"https:\\\/\\\/intereuropolcompetition.eu\\\/come-warsaw-moto-show\\\/\"},\"wordCount\":266,\"commentCount\":0,\"image\":{\"@id\":\"https:\\\/\\\/intereuropolcompetition.eu\\\/come-warsaw-moto-show\\\/#primaryimage\"},\"thumbnailUrl\":\"https:\\\/\\\/intereuropolcompetition.eu\\\/wp-content\\\/uploads\\\/2017\\\/11\\\/27.10.17.png\",\"articleSection\":[\"News\"],\"inLanguage\":\"pl-PL\",\"potentialAction\":[{\"@type\":\"CommentAction\",\"name\":\"Comment\",\"target\":[\"https:\\\/\\\/intereuropolcompetition.eu\\\/come-warsaw-moto-show\\\/#respond\"]}]},{\"@type\":\"WebPage\",\"@id\":\"https:\\\/\\\/intereuropolcompetition.eu\\\/pl\\\/come-warsaw-moto-show\\\/\",\"url\":\"https:\\\/\\\/intereuropolcompetition.eu\\\/pl\\\/come-warsaw-moto-show\\\/\",\"name\":\"Zapraszamy na Warsaw Moto Show - Inter Europol Competition\",\"isPartOf\":{\"@id\":\"https:\\\/\\\/intereuropolcompetition.eu\\\/pl\\\/#website\"},\"primaryImageOfPage\":{\"@id\":\"https:\\\/\\\/intereuropolcompetition.eu\\\/pl\\\/come-warsaw-moto-show\\\/#primaryimage\"},\"image\":{\"@id\":\"https:\\\/\\\/intereuropolcompetition.eu\\\/come-warsaw-moto-show\\\/#primaryimage\"},\"thumbnailUrl\":\"https:\\\/\\\/intereuropolcompetition.eu\\\/wp-content\\\/uploads\\\/2017\\\/11\\\/27.10.17.png\",\"datePublished\":\"2017-10-27T14:09:02+00:00\",\"dateModified\":\"2024-01-15T18:18:02+00:00\",\"author\":{\"@id\":\"https:\\\/\\\/intereuropolcompetition.eu\\\/#\\\/schema\\\/person\\\/459947d960a8e158dfc7cd9cc7220259\"},\"breadcrumb\":{\"@id\":\"https:\\\/\\\/intereuropolcompetition.eu\\\/pl\\\/come-warsaw-moto-show\\\/#breadcrumb\"},\"inLanguage\":\"pl-PL\",\"potentialAction\":[{\"@type\":\"ReadAction\",\"target\":[[\"https:\\\/\\\/intereuropolcompetition.eu\\\/pl\\\/come-warsaw-moto-show\\\/\"]]}]},{\"@type\":\"ImageObject\",\"inLanguage\":\"pl-PL\",\"@id\":\"https:\\\/\\\/intereuropolcompetition.eu\\\/pl\\\/come-warsaw-moto-show\\\/#primaryimage\",\"url\":\"https:\\\/\\\/intereuropolcompetition.eu\\\/wp-content\\\/uploads\\\/2017\\\/11\\\/27.10.17.png\",\"contentUrl\":\"https:\\\/\\\/intereuropolcompetition.eu\\\/wp-content\\\/uploads\\\/2017\\\/11\\\/27.10.17.png\",\"width\":1024,\"height\":498},{\"@type\":\"BreadcrumbList\",\"@id\":\"https:\\\/\\\/intereuropolcompetition.eu\\\/pl\\\/come-warsaw-moto-show\\\/#breadcrumb\",\"itemListElement\":[{\"@type\":\"ListItem\",\"position\":1,\"name\":\"Home\",\"item\":\"https:\\\/\\\/intereuropolcompetition.eu\\\/pl\\\/\"},{\"@type\":\"ListItem\",\"position\":2,\"name\":\"Zapraszamy na Warsaw Moto Show\"}]},{\"@type\":\"WebSite\",\"@id\":\"https:\\\/\\\/intereuropolcompetition.eu\\\/pl\\\/#website\",\"url\":\"https:\\\/\\\/intereuropolcompetition.eu\\\/pl\\\/\",\"name\":\"Inter Europol Competition\",\"description\":\"Mi\u0119dzynarodowy zesp\u00f3\u0142 bior\u0105cy udzia\u0142 wy\u015bcigach serii VdeV, ELMS i BOSS GP\",\"potentialAction\":[{\"@type\":\"SearchAction\",\"target\":{\"@type\":\"EntryPoint\",\"urlTemplate\":\"https:\\\/\\\/intereuropolcompetition.eu\\\/pl\\\/?s={search_term_string}\"},\"query-input\":{\"@type\":\"PropertyValueSpecification\",\"valueRequired\":true,\"valueName\":\"search_term_string\"}}],\"inLanguage\":\"pl-PL\"},{\"@type\":\"Person\",\"@id\":\"https:\\\/\\\/intereuropolcompetition.eu\\\/#\\\/schema\\\/person\\\/459947d960a8e158dfc7cd9cc7220259\",\"name\":\"Cara de Vlaming\",\"image\":{\"@type\":\"ImageObject\",\"inLanguage\":\"pl-PL\",\"@id\":\"https:\\\/\\\/secure.gravatar.com\\\/avatar\\\/a48d60d0527b0a93011938faad782523447753d583c3267028c12cccd8330afe?s=96&d=blank&r=g\",\"url\":\"https:\\\/\\\/secure.gravatar.com\\\/avatar\\\/a48d60d0527b0a93011938faad782523447753d583c3267028c12cccd8330afe?s=96&d=blank&r=g\",\"contentUrl\":\"https:\\\/\\\/secure.gravatar.com\\\/avatar\\\/a48d60d0527b0a93011938faad782523447753d583c3267028c12cccd8330afe?s=96&d=blank&r=g\",\"caption\":\"Cara de Vlaming\"},\"url\":\"https:\\\/\\\/intereuropolcompetition.eu\\\/pl\\\/author\\\/cara\\\/\"}]}<\/script>\n<!-- \/ Yoast SEO plugin. -->","yoast_head_json":{"title":"Zapraszamy na Warsaw Moto Show - Inter Europol Competition","robots":{"index":"index","follow":"follow","max-snippet":"max-snippet:-1","max-image-preview":"max-image-preview:large","max-video-preview":"max-video-preview:-1"},"canonical":"https:\/\/intereuropolcompetition.eu\/pl\/come-warsaw-moto-show\/","og_locale":"pl_PL","og_type":"article","og_title":"Zapraszamy na Warsaw Moto Show - Inter Europol Competition","og_description":"W ten weekend (27-29 pa\u017adziernika) zesp\u00f3\u0142 Inter Europol Competition znajduje si\u0119 w Nadarzynie \u017ceby wzi\u0105\u0107 udzia\u0142 w Warsaw Moto Show. S\u0105 to jedne z najwi\u0119kszych targ\u00f3w motoryzacyjnych w Europie. B\u0119dzie mo\u017cna podziwia\u0107 jedn\u0105 z najbardziej udanych konstrukcji w historii F1: Bennetona B195, za kierownic\u0105 kt\u00f3rego Michael Schumacher zdoby\u0142 swoje drugie [&hellip;]","og_url":"https:\/\/intereuropolcompetition.eu\/pl\/come-warsaw-moto-show\/","og_site_name":"Inter Europol Competition","article_publisher":"https:\/\/www.facebook.com\/InterEuropolCompetition","article_published_time":"2017-10-27T14:09:02+00:00","article_modified_time":"2024-01-15T18:18:02+00:00","og_image":[{"width":1024,"height":498,"url":"https:\/\/intereuropolcompetition.eu\/wp-content\/uploads\/2017\/11\/27.10.17.png","type":"image\/png"}],"author":"Cara de Vlaming","twitter_card":"summary_large_image","twitter_creator":"@IE_Competition","twitter_site":"@IE_Competition","twitter_misc":{"Napisane przez":"Cara de Vlaming","Szacowany czas czytania":"1 minuta"},"schema":{"@context":"https:\/\/schema.org","@graph":[{"@type":"Article","@id":"https:\/\/intereuropolcompetition.eu\/come-warsaw-moto-show\/#article","isPartOf":{"@id":"https:\/\/intereuropolcompetition.eu\/come-warsaw-moto-show\/"},"author":{"name":"Cara de Vlaming","@id":"https:\/\/intereuropolcompetition.eu\/#\/schema\/person\/459947d960a8e158dfc7cd9cc7220259"},"headline":"Zapraszamy na Warsaw Moto Show","datePublished":"2017-10-27T14:09:02+00:00","dateModified":"2024-01-15T18:18:02+00:00","mainEntityOfPage":{"@id":"https:\/\/intereuropolcompetition.eu\/come-warsaw-moto-show\/"},"wordCount":266,"commentCount":0,"image":{"@id":"https:\/\/intereuropolcompetition.eu\/come-warsaw-moto-show\/#primaryimage"},"thumbnailUrl":"https:\/\/intereuropolcompetition.eu\/wp-content\/uploads\/2017\/11\/27.10.17.png","articleSection":["News"],"inLanguage":"pl-PL","potentialAction":[{"@type":"CommentAction","name":"Comment","target":["https:\/\/intereuropolcompetition.eu\/come-warsaw-moto-show\/#respond"]}]},{"@type":"WebPage","@id":"https:\/\/intereuropolcompetition.eu\/pl\/come-warsaw-moto-show\/","url":"https:\/\/intereuropolcompetition.eu\/pl\/come-warsaw-moto-show\/","name":"Zapraszamy na Warsaw Moto Show - Inter Europol Competition","isPartOf":{"@id":"https:\/\/intereuropolcompetition.eu\/pl\/#website"},"primaryImageOfPage":{"@id":"https:\/\/intereuropolcompetition.eu\/pl\/come-warsaw-moto-show\/#primaryimage"},"image":{"@id":"https:\/\/intereuropolcompetition.eu\/come-warsaw-moto-show\/#primaryimage"},"thumbnailUrl":"https:\/\/intereuropolcompetition.eu\/wp-content\/uploads\/2017\/11\/27.10.17.png","datePublished":"2017-10-27T14:09:02+00:00","dateModified":"2024-01-15T18:18:02+00:00","author":{"@id":"https:\/\/intereuropolcompetition.eu\/#\/schema\/person\/459947d960a8e158dfc7cd9cc7220259"},"breadcrumb":{"@id":"https:\/\/intereuropolcompetition.eu\/pl\/come-warsaw-moto-show\/#breadcrumb"},"inLanguage":"pl-PL","potentialAction":[{"@type":"ReadAction","target":[["https:\/\/intereuropolcompetition.eu\/pl\/come-warsaw-moto-show\/"]]}]},{"@type":"ImageObject","inLanguage":"pl-PL","@id":"https:\/\/intereuropolcompetition.eu\/pl\/come-warsaw-moto-show\/#primaryimage","url":"https:\/\/intereuropolcompetition.eu\/wp-content\/uploads\/2017\/11\/27.10.17.png","contentUrl":"https:\/\/intereuropolcompetition.eu\/wp-content\/uploads\/2017\/11\/27.10.17.png","width":1024,"height":498},{"@type":"BreadcrumbList","@id":"https:\/\/intereuropolcompetition.eu\/pl\/come-warsaw-moto-show\/#breadcrumb","itemListElement":[{"@type":"ListItem","position":1,"name":"Home","item":"https:\/\/intereuropolcompetition.eu\/pl\/"},{"@type":"ListItem","position":2,"name":"Zapraszamy na Warsaw Moto Show"}]},{"@type":"WebSite","@id":"https:\/\/intereuropolcompetition.eu\/pl\/#website","url":"https:\/\/intereuropolcompetition.eu\/pl\/","name":"Inter Europol Competition","description":"Mi\u0119dzynarodowy zesp\u00f3\u0142 bior\u0105cy udzia\u0142 wy\u015bcigach serii VdeV, ELMS i BOSS GP","potentialAction":[{"@type":"SearchAction","target":{"@type":"EntryPoint","urlTemplate":"https:\/\/intereuropolcompetition.eu\/pl\/?s={search_term_string}"},"query-input":{"@type":"PropertyValueSpecification","valueRequired":true,"valueName":"search_term_string"}}],"inLanguage":"pl-PL"},{"@type":"Person","@id":"https:\/\/intereuropolcompetition.eu\/#\/schema\/person\/459947d960a8e158dfc7cd9cc7220259","name":"Cara de Vlaming","image":{"@type":"ImageObject","inLanguage":"pl-PL","@id":"https:\/\/secure.gravatar.com\/avatar\/a48d60d0527b0a93011938faad782523447753d583c3267028c12cccd8330afe?s=96&d=blank&r=g","url":"https:\/\/secure.gravatar.com\/avatar\/a48d60d0527b0a93011938faad782523447753d583c3267028c12cccd8330afe?s=96&d=blank&r=g","contentUrl":"https:\/\/secure.gravatar.com\/avatar\/a48d60d0527b0a93011938faad782523447753d583c3267028c12cccd8330afe?s=96&d=blank&r=g","caption":"Cara de Vlaming"},"url":"https:\/\/intereuropolcompetition.eu\/pl\/author\/cara\/"}]}},"_links":{"self":[{"href":"https:\/\/intereuropolcompetition.eu\/pl\/wp-json\/wp\/v2\/posts\/2450","targetHints":{"allow":["GET"]}}],"collection":[{"href":"https:\/\/intereuropolcompetition.eu\/pl\/wp-json\/wp\/v2\/posts"}],"about":[{"href":"https:\/\/intereuropolcompetition.eu\/pl\/wp-json\/wp\/v2\/types\/post"}],"author":[{"embeddable":true,"href":"https:\/\/intereuropolcompetition.eu\/pl\/wp-json\/wp\/v2\/users\/3"}],"replies":[{"embeddable":true,"href":"https:\/\/intereuropolcompetition.eu\/pl\/wp-json\/wp\/v2\/comments?post=2450"}],"version-history":[{"count":1,"href":"https:\/\/intereuropolcompetition.eu\/pl\/wp-json\/wp\/v2\/posts\/2450\/revisions"}],"predecessor-version":[{"id":16153,"href":"https:\/\/intereuropolcompetition.eu\/pl\/wp-json\/wp\/v2\/posts\/2450\/revisions\/16153"}],"wp:featuredmedia":[{"embeddable":true,"href":"https:\/\/intereuropolcompetition.eu\/pl\/wp-json\/wp\/v2\/media\/16643"}],"wp:attachment":[{"href":"https:\/\/intereuropolcompetition.eu\/pl\/wp-json\/wp\/v2\/media?parent=2450"}],"wp:term":[{"taxonomy":"category","embeddable":true,"href":"https:\/\/intereuropolcompetition.eu\/pl\/wp-json\/wp\/v2\/categories?post=2450"},{"taxonomy":"post_tag","embeddable":true,"href":"https:\/\/intereuropolcompetition.eu\/pl\/wp-json\/wp\/v2\/tags?post=2450"}],"curies":[{"name":"wp","href":"https:\/\/api.w.org\/{rel}","templated":true}]}}