{"id":2053,"date":"2017-04-29T23:50:38","date_gmt":"2017-04-29T21:50:38","guid":{"rendered":"https:\/\/intereuropolcompetition.eu\/?p=2053"},"modified":"2024-01-15T19:27:02","modified_gmt":"2024-01-15T18:27:02","slug":"first-and-second-overall-for-the-inter-europol-competition-team-and-a-lot-of-yellow-flags","status":"publish","type":"post","link":"https:\/\/intereuropolcompetition.eu\/pl\/first-and-second-overall-for-the-inter-europol-competition-team-and-a-lot-of-yellow-flags\/","title":{"rendered":"Dublet dla Inter Europol Competition przy wielu \u017c\u00f3\u0142tych flagach"},"content":{"rendered":"<p>Sze\u015b\u0107 godzin i wiele okres\u00f3w za samochodem bezpiecze\u0144stwa p\u00f3\u017aniej, #22 LMP3 uko\u0144czy\u0142 na pierwszym miejscu w klasyfikacji generalnej, a #33 na drugim miejscu w wy\u015bcigu VdeV na Portimao. Pierwsza godzina by\u0142a szczeg\u00f3lnie ekscytuj\u0105ca dla zespo\u0142u. W samochodzie #22 Hendrik Still startowa\u0142 z 4 miejsca w klasie (6 generalnie), podczas gdy w drugim samochodzie Xavier Michel ustawi\u0142 si\u0119 na 7 miejscu w klasie (10 generalnie). Po starcie Still przelecia\u0142 obok czterech przeciwnik\u00f3w i na drugim k\u00f3\u0142ku by\u0142 ju\u017c wiceliderem.<\/p>\n<p>Zaraz po zako\u0144czeniu pierwszej godziny wyjecha\u0142 samoch\u00f3d bezpiecze\u0144stwa. Szybko wykorzystali\u015bmy te sytuacje i kiedy Still zje\u017cd\u017ca\u0142 na pierwsze tankowanie samoch\u00f3d #22 widnia\u0142 ju\u017c na szczycie tabelki. Zosta\u0142 ju\u017c tam przez wi\u0119kszo\u015b\u0107 wy\u015bcigu.<\/p>\n<p>Xavier Michel w samochodzie #33 odnalaz\u0142 w ko\u0144cu sw\u00f3j rytm i po stracie kilku miejsc na starcie, zacz\u0105\u0142 si\u0119 przesuwa\u0107 do g\u00f3ry. Wchodz\u0105c w drug\u0105 godzin\u0119 wy\u015bcigu by\u0142 na 8 miejscu w klasie (15 generalnie). Kiedy przekaza\u0142 kierownic\u0119 Paulowi Scheuschnerowi po dw\u00f3ch godzinach jazdy, ich samoch\u00f3d widnia\u0142 na 8 miejscu w klasyfikacji generalnej. Auto zacz\u0119\u0142o wykazywa\u0107 drobne problemy, kt\u00f3re nie u\u0142atwia\u0142y jazdy \u017cadnemu z kierowc\u00f3w.<\/p>\n<p>Peter Elkmann prowadzi\u0142 teraz Ligiera #22 i w po\u0142owie wy\u015bcigu liderowa\u0142 stawce, podczas gdy Ligier #33 wci\u0105\u017c znajdowa\u0142 si\u0119 na 8 miejscu w klasyfikacji generalnej i notowa\u0142 bardzo regularne czasy okr\u0105\u017ce\u0144.<\/p>\n<p>Na dwie godziny przed ko\u0144cem, przy okazji kolejnej neutralizacji za samochodem bezpiecze\u0144stwa, kierowcy zmienili si\u0119 po raz ostatni. Do wci\u0105\u017c prowadz\u0105cego samochodu #22 wsiad\u0142 Kuba \u015amiechowski, a do #33 Alex M\u00fcller, kt\u00f3ry wyjecha\u0142 z depo na 5 miejscu w klasie i 7 w klasyfikacji generalnej.<\/p>\n<p>Podczas ostatniej godziny nasze samochody by\u0142y na pierwszym i trzecim miejscu w klasyfikacji generalnej. Pozosta\u0142e przymusowe przejazdy przez depo zosta\u0142y wykorzystane \u017ceby wyci\u0105gn\u0105\u0107 kierowc\u00f3w z nasilonego ruchu spowodowanego dublowanymi autami. Samoch\u00f3d #33 zdo\u0142a\u0142 wywalczy\u0107 jeszcze jedn\u0105 pozycj\u0119, dzi\u0119ki czemu zesp\u00f3\u0142 zaliczy\u0142 sw\u00f3j pierwszy dublet w klasyfikacji generalnej!<\/p>\n<p>Hendrik Still: \u201eMia\u0142em naprawd\u0119 dobry start i by\u0142em w stanie szybko wyprzedzi\u0107 czterech przeciwnik\u00f3w. Prowadzi\u0142em do momentu pierwszej neutralizacji, kt\u00f3ra wykorzystali\u015bmy do zatankowania samochodu. Pomog\u0142o to wydosta\u0107 si\u0119 z g\u0119stniej\u0105cego ruchu na torze. To by\u0142a \u015bwietna decyzja taktyczna mojego in\u017cyniera wy\u015bcigowego, Riccarda Zani. U\u017cy\u0142em reszt\u0119 mojego stintu \u017ceby wypracowa\u0107 jak najwi\u0119ksz\u0105 przewag\u0119 nad innymi. Peter (Elkmann) wykona\u0142 dobr\u0105 robot\u0119 \u017ceby utrzyma\u0107 ten dystans. Set up samochodu by\u0142 \u015bwietny podczas ca\u0142ego weekendu i nie musieli\u015bmy wprowadza\u0107 wielu poprawek. Jestem szcz\u0119\u015bliwym kierowc\u0105 z r\u00f3wnie szcz\u0119\u015bliwymi kolegami z zespo\u0142u.\u201d<\/p>\n<p>Peter Elkmann: \u201eTo by\u0142a czysta przyjemno\u015b\u0107 m\u00f3c by\u0107 tutaj razem z Inter Europol Competition i bardzo dzi\u0119kuje wszystkim, kt\u00f3rzy to umo\u017cliwili. Wy\u015bcig by\u0142 dobry, ale okresy za samochodem bezpiecze\u0144stwa by\u0142y zdecydowanie za d\u0142ugie. Szkoda, \u017ce nie mia\u0142em szansy wykona\u0107 kilku okr\u0105\u017ce\u0144 wi\u0119cej w tempie wy\u015bcigowym. Samoch\u00f3d by\u0142 dobrze przygotowany i przyjemny w prowadzeniu.\u201d<br \/>\nKuba \u015amiechowski: \u201eWygrali\u015bmy! Co za wspania\u0142y wy\u015bcig, pomimo moich problem\u00f3w z przednimi oponami, kt\u00f3re pojawi\u0142y si\u0119 w okolicach pierwszej godziny mojego stintu. Nie jestem pewien co to by\u0142o, ale pojawi\u0142y si\u0119 bardzo silne wibracje, kt\u00f3re bardzo utrudnia\u0142y jazd\u0119. W ciemno\u015bci nie widzia\u0142em bardzo du\u017co, przez swoj\u0105 bardzo zabrudzon\u0105 przedni\u0105 szyb\u0119. Ostatnie kilka okr\u0105\u017ce\u0144 mocno zwolni\u0142em, co by\u0142o mo\u017cliwe dzi\u0119ki przewadze wypracowanej przez moich koleg\u00f3w. Chcia\u0142em tylko dowie\u017a\u0107 samoch\u00f3d do mety w jednym kawa\u0142ku, co si\u0119 uda\u0142o. \u015awietna robota ze strony ca\u0142ego zespo\u0142u.\u201d<\/p>\n<p>Kuba \u015amiechowski: \u201eWygrali\u015bmy! Co za wspania\u0142y wy\u015bcig, pomimo moich problem\u00f3w z przednimi oponami, kt\u00f3re pojawi\u0142y si\u0119 w okolicach pierwszej godziny mojego stintu. Nie jestem pewien co to by\u0142o, ale pojawi\u0142y si\u0119 bardzo silne wibracje, kt\u00f3re bardzo utrudnia\u0142y jazd\u0119. W ciemno\u015bci nie widzia\u0142em bardzo du\u017co, przez swoj\u0105 bardzo zabrudzon\u0105 przedni\u0105 szyb\u0119. Ostatnie kilka okr\u0105\u017ce\u0144 mocno zwolni\u0142em, co by\u0142o mo\u017cliwe dzi\u0119ki przewadze wypracowanej przez moich koleg\u00f3w. Chcia\u0142em tylko dowie\u017a\u0107 samoch\u00f3d do mety w jednym kawa\u0142ku, co si\u0119 uda\u0142o. \u015awietna robota ze strony ca\u0142ego zespo\u0142u.\u201d<\/p>\n<p>Najszybsze okr\u0105\u017cenie #22: Kuba \u015amiechowski 1m42s175<br \/>\nNajszybsze okr\u0105\u017cenie #33: Alex M\u00fcller 1m42s280<br \/>\n<\/p>","protected":false},"excerpt":{"rendered":"<p>Sze\u015b\u0107 godzin i wiele okres\u00f3w za samochodem bezpiecze\u0144stwa p\u00f3\u017aniej, #22 LMP3 uko\u0144czy\u0142 na pierwszym miejscu w klasyfikacji generalnej, a #33 na drugim miejscu w wy\u015bcigu VdeV na Portimao. Pierwsza godzina by\u0142a szczeg\u00f3lnie ekscytuj\u0105ca dla zespo\u0142u. W samochodzie #22 Hendrik Still startowa\u0142 z 4 miejsca w klasie (6 generalnie), podczas gdy [&hellip;]<\/p>\n","protected":false},"author":3,"featured_media":16689,"comment_status":"open","ping_status":"open","sticky":false,"template":"","format":"standard","meta":{"footnotes":""},"categories":[50,57],"tags":[],"class_list":["post-2053","post","type-post","status-publish","format-standard","has-post-thumbnail","hentry","category-news","category-vdev"],"yoast_head":"<!-- This site is optimized with the Yoast SEO plugin v27.5 - https:\/\/yoast.com\/product\/yoast-seo-wordpress\/ -->\n<title>Dublet dla Inter Europol Competition przy wielu \u017c\u00f3\u0142tych flagach - Inter Europol Competition<\/title>\n<meta name=\"robots\" content=\"index, follow, max-snippet:-1, max-image-preview:large, max-video-preview:-1\" \/>\n<link rel=\"canonical\" href=\"https:\/\/intereuropolcompetition.eu\/pl\/first-and-second-overall-for-the-inter-europol-competition-team-and-a-lot-of-yellow-flags\/\" \/>\n<meta property=\"og:locale\" content=\"pl_PL\" \/>\n<meta property=\"og:type\" content=\"article\" \/>\n<meta property=\"og:title\" content=\"Dublet dla Inter Europol Competition przy wielu \u017c\u00f3\u0142tych flagach - Inter Europol Competition\" \/>\n<meta property=\"og:description\" content=\"Sze\u015b\u0107 godzin i wiele okres\u00f3w za samochodem bezpiecze\u0144stwa p\u00f3\u017aniej, #22 LMP3 uko\u0144czy\u0142 na pierwszym miejscu w klasyfikacji generalnej, a #33 na drugim miejscu w wy\u015bcigu VdeV na Portimao. Pierwsza godzina by\u0142a szczeg\u00f3lnie ekscytuj\u0105ca dla zespo\u0142u. W samochodzie #22 Hendrik Still startowa\u0142 z 4 miejsca w klasie (6 generalnie), podczas gdy [&hellip;]\" \/>\n<meta property=\"og:url\" content=\"https:\/\/intereuropolcompetition.eu\/pl\/first-and-second-overall-for-the-inter-europol-competition-team-and-a-lot-of-yellow-flags\/\" \/>\n<meta property=\"og:site_name\" content=\"Inter Europol Competition\" \/>\n<meta property=\"article:publisher\" content=\"https:\/\/www.facebook.com\/InterEuropolCompetition\" \/>\n<meta property=\"article:published_time\" content=\"2017-04-29T21:50:38+00:00\" \/>\n<meta property=\"article:modified_time\" content=\"2024-01-15T18:27:02+00:00\" \/>\n<meta property=\"og:image\" content=\"https:\/\/intereuropolcompetition.eu\/wp-content\/uploads\/2017\/07\/29.04.17.jpg\" \/>\n\t<meta property=\"og:image:width\" content=\"1024\" \/>\n\t<meta property=\"og:image:height\" content=\"581\" \/>\n\t<meta property=\"og:image:type\" content=\"image\/jpeg\" \/>\n<meta name=\"author\" content=\"Cara de Vlaming\" \/>\n<meta name=\"twitter:card\" content=\"summary_large_image\" \/>\n<meta name=\"twitter:creator\" content=\"@IE_Competition\" \/>\n<meta name=\"twitter:site\" content=\"@IE_Competition\" \/>\n<meta name=\"twitter:label1\" content=\"Napisane przez\" \/>\n\t<meta name=\"twitter:data1\" content=\"Cara de Vlaming\" \/>\n\t<meta name=\"twitter:label2\" content=\"Szacowany czas czytania\" \/>\n\t<meta name=\"twitter:data2\" content=\"4 minuty\" \/>\n<script type=\"application\/ld+json\" class=\"yoast-schema-graph\">{\"@context\":\"https:\\\/\\\/schema.org\",\"@graph\":[{\"@type\":\"Article\",\"@id\":\"https:\\\/\\\/intereuropolcompetition.eu\\\/first-and-second-overall-for-the-inter-europol-competition-team-and-a-lot-of-yellow-flags\\\/#article\",\"isPartOf\":{\"@id\":\"https:\\\/\\\/intereuropolcompetition.eu\\\/first-and-second-overall-for-the-inter-europol-competition-team-and-a-lot-of-yellow-flags\\\/\"},\"author\":{\"name\":\"Cara de Vlaming\",\"@id\":\"https:\\\/\\\/intereuropolcompetition.eu\\\/#\\\/schema\\\/person\\\/459947d960a8e158dfc7cd9cc7220259\"},\"headline\":\"Dublet dla Inter Europol Competition przy wielu \u017c\u00f3\u0142tych flagach\",\"datePublished\":\"2017-04-29T21:50:38+00:00\",\"dateModified\":\"2024-01-15T18:27:02+00:00\",\"mainEntityOfPage\":{\"@id\":\"https:\\\/\\\/intereuropolcompetition.eu\\\/first-and-second-overall-for-the-inter-europol-competition-team-and-a-lot-of-yellow-flags\\\/\"},\"wordCount\":1364,\"commentCount\":0,\"image\":{\"@id\":\"https:\\\/\\\/intereuropolcompetition.eu\\\/first-and-second-overall-for-the-inter-europol-competition-team-and-a-lot-of-yellow-flags\\\/#primaryimage\"},\"thumbnailUrl\":\"https:\\\/\\\/intereuropolcompetition.eu\\\/wp-content\\\/uploads\\\/2017\\\/07\\\/29.04.17.jpg\",\"articleSection\":[\"News\",\"V de V\"],\"inLanguage\":\"pl-PL\",\"potentialAction\":[{\"@type\":\"CommentAction\",\"name\":\"Comment\",\"target\":[\"https:\\\/\\\/intereuropolcompetition.eu\\\/first-and-second-overall-for-the-inter-europol-competition-team-and-a-lot-of-yellow-flags\\\/#respond\"]}]},{\"@type\":\"WebPage\",\"@id\":\"https:\\\/\\\/intereuropolcompetition.eu\\\/pl\\\/first-and-second-overall-for-the-inter-europol-competition-team-and-a-lot-of-yellow-flags\\\/\",\"url\":\"https:\\\/\\\/intereuropolcompetition.eu\\\/pl\\\/first-and-second-overall-for-the-inter-europol-competition-team-and-a-lot-of-yellow-flags\\\/\",\"name\":\"Dublet dla Inter Europol Competition przy wielu \u017c\u00f3\u0142tych flagach - Inter Europol Competition\",\"isPartOf\":{\"@id\":\"https:\\\/\\\/intereuropolcompetition.eu\\\/pl\\\/#website\"},\"primaryImageOfPage\":{\"@id\":\"https:\\\/\\\/intereuropolcompetition.eu\\\/pl\\\/first-and-second-overall-for-the-inter-europol-competition-team-and-a-lot-of-yellow-flags\\\/#primaryimage\"},\"image\":{\"@id\":\"https:\\\/\\\/intereuropolcompetition.eu\\\/first-and-second-overall-for-the-inter-europol-competition-team-and-a-lot-of-yellow-flags\\\/#primaryimage\"},\"thumbnailUrl\":\"https:\\\/\\\/intereuropolcompetition.eu\\\/wp-content\\\/uploads\\\/2017\\\/07\\\/29.04.17.jpg\",\"datePublished\":\"2017-04-29T21:50:38+00:00\",\"dateModified\":\"2024-01-15T18:27:02+00:00\",\"author\":{\"@id\":\"https:\\\/\\\/intereuropolcompetition.eu\\\/#\\\/schema\\\/person\\\/459947d960a8e158dfc7cd9cc7220259\"},\"breadcrumb\":{\"@id\":\"https:\\\/\\\/intereuropolcompetition.eu\\\/pl\\\/first-and-second-overall-for-the-inter-europol-competition-team-and-a-lot-of-yellow-flags\\\/#breadcrumb\"},\"inLanguage\":\"pl-PL\",\"potentialAction\":[{\"@type\":\"ReadAction\",\"target\":[[\"https:\\\/\\\/intereuropolcompetition.eu\\\/pl\\\/first-and-second-overall-for-the-inter-europol-competition-team-and-a-lot-of-yellow-flags\\\/\"]]}]},{\"@type\":\"ImageObject\",\"inLanguage\":\"pl-PL\",\"@id\":\"https:\\\/\\\/intereuropolcompetition.eu\\\/pl\\\/first-and-second-overall-for-the-inter-europol-competition-team-and-a-lot-of-yellow-flags\\\/#primaryimage\",\"url\":\"https:\\\/\\\/intereuropolcompetition.eu\\\/wp-content\\\/uploads\\\/2017\\\/07\\\/29.04.17.jpg\",\"contentUrl\":\"https:\\\/\\\/intereuropolcompetition.eu\\\/wp-content\\\/uploads\\\/2017\\\/07\\\/29.04.17.jpg\",\"width\":1024,\"height\":581},{\"@type\":\"BreadcrumbList\",\"@id\":\"https:\\\/\\\/intereuropolcompetition.eu\\\/pl\\\/first-and-second-overall-for-the-inter-europol-competition-team-and-a-lot-of-yellow-flags\\\/#breadcrumb\",\"itemListElement\":[{\"@type\":\"ListItem\",\"position\":1,\"name\":\"Home\",\"item\":\"https:\\\/\\\/intereuropolcompetition.eu\\\/pl\\\/\"},{\"@type\":\"ListItem\",\"position\":2,\"name\":\"Dublet dla Inter Europol Competition przy wielu \u017c\u00f3\u0142tych flagach\"}]},{\"@type\":\"WebSite\",\"@id\":\"https:\\\/\\\/intereuropolcompetition.eu\\\/pl\\\/#website\",\"url\":\"https:\\\/\\\/intereuropolcompetition.eu\\\/pl\\\/\",\"name\":\"Inter Europol Competition\",\"description\":\"Mi\u0119dzynarodowy zesp\u00f3\u0142 bior\u0105cy udzia\u0142 wy\u015bcigach serii VdeV, ELMS i BOSS GP\",\"potentialAction\":[{\"@type\":\"SearchAction\",\"target\":{\"@type\":\"EntryPoint\",\"urlTemplate\":\"https:\\\/\\\/intereuropolcompetition.eu\\\/pl\\\/?s={search_term_string}\"},\"query-input\":{\"@type\":\"PropertyValueSpecification\",\"valueRequired\":true,\"valueName\":\"search_term_string\"}}],\"inLanguage\":\"pl-PL\"},{\"@type\":\"Person\",\"@id\":\"https:\\\/\\\/intereuropolcompetition.eu\\\/#\\\/schema\\\/person\\\/459947d960a8e158dfc7cd9cc7220259\",\"name\":\"Cara de Vlaming\",\"image\":{\"@type\":\"ImageObject\",\"inLanguage\":\"pl-PL\",\"@id\":\"https:\\\/\\\/secure.gravatar.com\\\/avatar\\\/a48d60d0527b0a93011938faad782523447753d583c3267028c12cccd8330afe?s=96&d=blank&r=g\",\"url\":\"https:\\\/\\\/secure.gravatar.com\\\/avatar\\\/a48d60d0527b0a93011938faad782523447753d583c3267028c12cccd8330afe?s=96&d=blank&r=g\",\"contentUrl\":\"https:\\\/\\\/secure.gravatar.com\\\/avatar\\\/a48d60d0527b0a93011938faad782523447753d583c3267028c12cccd8330afe?s=96&d=blank&r=g\",\"caption\":\"Cara de Vlaming\"},\"url\":\"https:\\\/\\\/intereuropolcompetition.eu\\\/pl\\\/author\\\/cara\\\/\"}]}<\/script>\n<!-- \/ Yoast SEO plugin. -->","yoast_head_json":{"title":"Dublet dla Inter Europol Competition przy wielu \u017c\u00f3\u0142tych flagach - Inter Europol Competition","robots":{"index":"index","follow":"follow","max-snippet":"max-snippet:-1","max-image-preview":"max-image-preview:large","max-video-preview":"max-video-preview:-1"},"canonical":"https:\/\/intereuropolcompetition.eu\/pl\/first-and-second-overall-for-the-inter-europol-competition-team-and-a-lot-of-yellow-flags\/","og_locale":"pl_PL","og_type":"article","og_title":"Dublet dla Inter Europol Competition przy wielu \u017c\u00f3\u0142tych flagach - Inter Europol Competition","og_description":"Sze\u015b\u0107 godzin i wiele okres\u00f3w za samochodem bezpiecze\u0144stwa p\u00f3\u017aniej, #22 LMP3 uko\u0144czy\u0142 na pierwszym miejscu w klasyfikacji generalnej, a #33 na drugim miejscu w wy\u015bcigu VdeV na Portimao. Pierwsza godzina by\u0142a szczeg\u00f3lnie ekscytuj\u0105ca dla zespo\u0142u. W samochodzie #22 Hendrik Still startowa\u0142 z 4 miejsca w klasie (6 generalnie), podczas gdy [&hellip;]","og_url":"https:\/\/intereuropolcompetition.eu\/pl\/first-and-second-overall-for-the-inter-europol-competition-team-and-a-lot-of-yellow-flags\/","og_site_name":"Inter Europol Competition","article_publisher":"https:\/\/www.facebook.com\/InterEuropolCompetition","article_published_time":"2017-04-29T21:50:38+00:00","article_modified_time":"2024-01-15T18:27:02+00:00","og_image":[{"width":1024,"height":581,"url":"https:\/\/intereuropolcompetition.eu\/wp-content\/uploads\/2017\/07\/29.04.17.jpg","type":"image\/jpeg"}],"author":"Cara de Vlaming","twitter_card":"summary_large_image","twitter_creator":"@IE_Competition","twitter_site":"@IE_Competition","twitter_misc":{"Napisane przez":"Cara de Vlaming","Szacowany czas czytania":"4 minuty"},"schema":{"@context":"https:\/\/schema.org","@graph":[{"@type":"Article","@id":"https:\/\/intereuropolcompetition.eu\/first-and-second-overall-for-the-inter-europol-competition-team-and-a-lot-of-yellow-flags\/#article","isPartOf":{"@id":"https:\/\/intereuropolcompetition.eu\/first-and-second-overall-for-the-inter-europol-competition-team-and-a-lot-of-yellow-flags\/"},"author":{"name":"Cara de Vlaming","@id":"https:\/\/intereuropolcompetition.eu\/#\/schema\/person\/459947d960a8e158dfc7cd9cc7220259"},"headline":"Dublet dla Inter Europol Competition przy wielu \u017c\u00f3\u0142tych flagach","datePublished":"2017-04-29T21:50:38+00:00","dateModified":"2024-01-15T18:27:02+00:00","mainEntityOfPage":{"@id":"https:\/\/intereuropolcompetition.eu\/first-and-second-overall-for-the-inter-europol-competition-team-and-a-lot-of-yellow-flags\/"},"wordCount":1364,"commentCount":0,"image":{"@id":"https:\/\/intereuropolcompetition.eu\/first-and-second-overall-for-the-inter-europol-competition-team-and-a-lot-of-yellow-flags\/#primaryimage"},"thumbnailUrl":"https:\/\/intereuropolcompetition.eu\/wp-content\/uploads\/2017\/07\/29.04.17.jpg","articleSection":["News","V de V"],"inLanguage":"pl-PL","potentialAction":[{"@type":"CommentAction","name":"Comment","target":["https:\/\/intereuropolcompetition.eu\/first-and-second-overall-for-the-inter-europol-competition-team-and-a-lot-of-yellow-flags\/#respond"]}]},{"@type":"WebPage","@id":"https:\/\/intereuropolcompetition.eu\/pl\/first-and-second-overall-for-the-inter-europol-competition-team-and-a-lot-of-yellow-flags\/","url":"https:\/\/intereuropolcompetition.eu\/pl\/first-and-second-overall-for-the-inter-europol-competition-team-and-a-lot-of-yellow-flags\/","name":"Dublet dla Inter Europol Competition przy wielu \u017c\u00f3\u0142tych flagach - Inter Europol Competition","isPartOf":{"@id":"https:\/\/intereuropolcompetition.eu\/pl\/#website"},"primaryImageOfPage":{"@id":"https:\/\/intereuropolcompetition.eu\/pl\/first-and-second-overall-for-the-inter-europol-competition-team-and-a-lot-of-yellow-flags\/#primaryimage"},"image":{"@id":"https:\/\/intereuropolcompetition.eu\/first-and-second-overall-for-the-inter-europol-competition-team-and-a-lot-of-yellow-flags\/#primaryimage"},"thumbnailUrl":"https:\/\/intereuropolcompetition.eu\/wp-content\/uploads\/2017\/07\/29.04.17.jpg","datePublished":"2017-04-29T21:50:38+00:00","dateModified":"2024-01-15T18:27:02+00:00","author":{"@id":"https:\/\/intereuropolcompetition.eu\/#\/schema\/person\/459947d960a8e158dfc7cd9cc7220259"},"breadcrumb":{"@id":"https:\/\/intereuropolcompetition.eu\/pl\/first-and-second-overall-for-the-inter-europol-competition-team-and-a-lot-of-yellow-flags\/#breadcrumb"},"inLanguage":"pl-PL","potentialAction":[{"@type":"ReadAction","target":[["https:\/\/intereuropolcompetition.eu\/pl\/first-and-second-overall-for-the-inter-europol-competition-team-and-a-lot-of-yellow-flags\/"]]}]},{"@type":"ImageObject","inLanguage":"pl-PL","@id":"https:\/\/intereuropolcompetition.eu\/pl\/first-and-second-overall-for-the-inter-europol-competition-team-and-a-lot-of-yellow-flags\/#primaryimage","url":"https:\/\/intereuropolcompetition.eu\/wp-content\/uploads\/2017\/07\/29.04.17.jpg","contentUrl":"https:\/\/intereuropolcompetition.eu\/wp-content\/uploads\/2017\/07\/29.04.17.jpg","width":1024,"height":581},{"@type":"BreadcrumbList","@id":"https:\/\/intereuropolcompetition.eu\/pl\/first-and-second-overall-for-the-inter-europol-competition-team-and-a-lot-of-yellow-flags\/#breadcrumb","itemListElement":[{"@type":"ListItem","position":1,"name":"Home","item":"https:\/\/intereuropolcompetition.eu\/pl\/"},{"@type":"ListItem","position":2,"name":"Dublet dla Inter Europol Competition przy wielu \u017c\u00f3\u0142tych flagach"}]},{"@type":"WebSite","@id":"https:\/\/intereuropolcompetition.eu\/pl\/#website","url":"https:\/\/intereuropolcompetition.eu\/pl\/","name":"Inter Europol Competition","description":"Mi\u0119dzynarodowy zesp\u00f3\u0142 bior\u0105cy udzia\u0142 wy\u015bcigach serii VdeV, ELMS i BOSS GP","potentialAction":[{"@type":"SearchAction","target":{"@type":"EntryPoint","urlTemplate":"https:\/\/intereuropolcompetition.eu\/pl\/?s={search_term_string}"},"query-input":{"@type":"PropertyValueSpecification","valueRequired":true,"valueName":"search_term_string"}}],"inLanguage":"pl-PL"},{"@type":"Person","@id":"https:\/\/intereuropolcompetition.eu\/#\/schema\/person\/459947d960a8e158dfc7cd9cc7220259","name":"Cara de Vlaming","image":{"@type":"ImageObject","inLanguage":"pl-PL","@id":"https:\/\/secure.gravatar.com\/avatar\/a48d60d0527b0a93011938faad782523447753d583c3267028c12cccd8330afe?s=96&d=blank&r=g","url":"https:\/\/secure.gravatar.com\/avatar\/a48d60d0527b0a93011938faad782523447753d583c3267028c12cccd8330afe?s=96&d=blank&r=g","contentUrl":"https:\/\/secure.gravatar.com\/avatar\/a48d60d0527b0a93011938faad782523447753d583c3267028c12cccd8330afe?s=96&d=blank&r=g","caption":"Cara de Vlaming"},"url":"https:\/\/intereuropolcompetition.eu\/pl\/author\/cara\/"}]}},"_links":{"self":[{"href":"https:\/\/intereuropolcompetition.eu\/pl\/wp-json\/wp\/v2\/posts\/2053","targetHints":{"allow":["GET"]}}],"collection":[{"href":"https:\/\/intereuropolcompetition.eu\/pl\/wp-json\/wp\/v2\/posts"}],"about":[{"href":"https:\/\/intereuropolcompetition.eu\/pl\/wp-json\/wp\/v2\/types\/post"}],"author":[{"embeddable":true,"href":"https:\/\/intereuropolcompetition.eu\/pl\/wp-json\/wp\/v2\/users\/3"}],"replies":[{"embeddable":true,"href":"https:\/\/intereuropolcompetition.eu\/pl\/wp-json\/wp\/v2\/comments?post=2053"}],"version-history":[{"count":1,"href":"https:\/\/intereuropolcompetition.eu\/pl\/wp-json\/wp\/v2\/posts\/2053\/revisions"}],"predecessor-version":[{"id":16101,"href":"https:\/\/intereuropolcompetition.eu\/pl\/wp-json\/wp\/v2\/posts\/2053\/revisions\/16101"}],"wp:featuredmedia":[{"embeddable":true,"href":"https:\/\/intereuropolcompetition.eu\/pl\/wp-json\/wp\/v2\/media\/16689"}],"wp:attachment":[{"href":"https:\/\/intereuropolcompetition.eu\/pl\/wp-json\/wp\/v2\/media?parent=2053"}],"wp:term":[{"taxonomy":"category","embeddable":true,"href":"https:\/\/intereuropolcompetition.eu\/pl\/wp-json\/wp\/v2\/categories?post=2053"},{"taxonomy":"post_tag","embeddable":true,"href":"https:\/\/intereuropolcompetition.eu\/pl\/wp-json\/wp\/v2\/tags?post=2053"}],"curies":[{"name":"wp","href":"https:\/\/api.w.org\/{rel}","templated":true}]}}