{"id":1905,"date":"2017-04-12T10:24:05","date_gmt":"2017-04-12T08:24:05","guid":{"rendered":"https:\/\/intereuropolcompetition.eu\/?p=1905"},"modified":"2024-01-15T14:53:41","modified_gmt":"2024-01-15T13:53:41","slug":"inter-europol-competition-back-in-the-elms-with-car-number-13","status":"publish","type":"post","link":"https:\/\/intereuropolcompetition.eu\/pl\/inter-europol-competition-back-in-the-elms-with-car-number-13\/","title":{"rendered":"Inter Europol Competition wraca do ELMS z numerem 13"},"content":{"rendered":"<p>Zesp\u00f3\u0142 Inter Europol Competition wraca do serii ELMS na drugi sezon z ich Ligierem LMP3. W tym roku samoch\u00f3d z numerem 13 b\u0119dzie pilotowany przez Kub\u0119 \u015amiechowskiego i Martina Hippe. W zesz\u0142ym roku zesp\u00f3\u0142 zako\u0144czy\u0142 na 10 miejscu w klasyfikacji zespo\u0142owej, a \u015amiechowski na 12 w klasyfikacji kierowc\u00f3w.<\/p>\n<p>W tym roku Kuba ma nowego partnera: Martina Hippe. Martin ma wieloletnie do\u015bwiadczenie w \u015bciganiu si\u0119 bolidami jednomiejscowymi, a w przerwie od \u015bcigania pracuje jako in\u017cynier wy\u015bcigowy i doradca dla m\u0142odych kierowc\u00f3w. Wszystko oczywi\u015bcie obok jego pracy na co dzie\u0144.<\/p>\n<p>Dwudniowe testy dwa tygodnie temu na Monzie posz\u0142y relatywnie dobrze dla zespo\u0142u. W zesz\u0142ym roku brakowa\u0142o pr\u0119dko\u015bci na prostej, ale uda\u0142o si\u0119 chyba znale\u017a\u0107 rozwi\u0105zanie dla tego problemu. R\u00f3\u017cne ustawienia zosta\u0142y wypr\u00f3bowane, co pomog\u0142o w og\u00f3lnym zrozumieniu samochodu. Dla Hippego wa\u017cne by\u0142o sp\u0119dzenie sporej ilo\u015bci czasu w samochodzie i poczucie si\u0119 w nim komfortowo.<\/p>\n<p>Jakub \u015amiechowski: \u201eMy\u015bl\u0119, \u017ce zrobili\u015bmy du\u017cy krok na Monzie w kwestii zrozumienia samochodu. Mieli\u015bmy troch\u0119 pecha w zesz\u0142ym roku na Silverstone kiedy musieli\u015bmy si\u0119 wycofa\u0107 na 5 minut przed zako\u0144czeniem wy\u015bcigu, wi\u0119c jestem zdeterminowany \u017ceby osi\u0105gn\u0105\u0107 dobry wynik podczas pierwszego wy\u015bcigu serii ELMS.\u201d<\/p>\n<p>Martin Hippe: \u201eNa Monzie by\u0142em bardzo zadowolony z tego, \u017ce uda\u0142o mi si\u0119 sp\u0119dzi\u0107 du\u017co czasu w samochodzie i pozna\u0107 tor. Silverstone jest kolejnym nowym torem dla mnie wi\u0119c nie mog\u0119 si\u0119 doczeka\u0107 pierwszego treningu. Oczywi\u015bcie znam ten tor z zesz\u0142ego roku kiedy pracowa\u0142em tu z Kub\u0105 jako in\u017cynier. Bardzo mi si\u0119 podobaj\u0105 szybkie zakr\u0119ty jak Maggots czy Becketts, wi\u0119c na pewno b\u0119d\u0119 si\u0119 \u015bwietnie bawi\u0142.\u201d<br \/>\nRozk\u0142ad:<\/p>\n<p>Czwartek 13 Maja<br \/>\n15:55-17:25 Trening 1<\/p>\n<p>Pi\u0105tek 14 Maja<br \/>\n9:00-10:30 Trening 2<br \/>\n14:23-14:33 Kwalifikacje<\/p>\n<p>Sobota 15 Maja<br \/>\n14:30-18:30 Wy\u015bcig<br \/>\n<\/p>","protected":false},"excerpt":{"rendered":"<p>Zesp\u00f3\u0142 Inter Europol Competition wraca do serii ELMS na drugi sezon z ich Ligierem LMP3. W tym roku samoch\u00f3d z numerem 13 b\u0119dzie pilotowany przez Kub\u0119 \u015amiechowskiego i Martina Hippe. W zesz\u0142ym roku zesp\u00f3\u0142 zako\u0144czy\u0142 na 10 miejscu w klasyfikacji zespo\u0142owej, a \u015amiechowski na 12 w klasyfikacji kierowc\u00f3w. W tym [&hellip;]<\/p>\n","protected":false},"author":1,"featured_media":1907,"comment_status":"open","ping_status":"open","sticky":false,"template":"","format":"standard","meta":{"footnotes":""},"categories":[50],"tags":[],"class_list":["post-1905","post","type-post","status-publish","format-standard","has-post-thumbnail","hentry","category-news"],"yoast_head":"<!-- This site is optimized with the Yoast SEO plugin v27.5 - https:\/\/yoast.com\/product\/yoast-seo-wordpress\/ -->\n<title>Inter Europol Competition wraca do ELMS z numerem 13 - Inter Europol Competition<\/title>\n<meta name=\"robots\" content=\"index, follow, max-snippet:-1, max-image-preview:large, max-video-preview:-1\" \/>\n<link rel=\"canonical\" href=\"https:\/\/intereuropolcompetition.eu\/pl\/inter-europol-competition-back-in-the-elms-with-car-number-13\/\" \/>\n<meta property=\"og:locale\" content=\"pl_PL\" \/>\n<meta property=\"og:type\" content=\"article\" \/>\n<meta property=\"og:title\" content=\"Inter Europol Competition wraca do ELMS z numerem 13 - Inter Europol Competition\" \/>\n<meta property=\"og:description\" content=\"Zesp\u00f3\u0142 Inter Europol Competition wraca do serii ELMS na drugi sezon z ich Ligierem LMP3. W tym roku samoch\u00f3d z numerem 13 b\u0119dzie pilotowany przez Kub\u0119 \u015amiechowskiego i Martina Hippe. W zesz\u0142ym roku zesp\u00f3\u0142 zako\u0144czy\u0142 na 10 miejscu w klasyfikacji zespo\u0142owej, a \u015amiechowski na 12 w klasyfikacji kierowc\u00f3w. W tym [&hellip;]\" \/>\n<meta property=\"og:url\" content=\"https:\/\/intereuropolcompetition.eu\/pl\/inter-europol-competition-back-in-the-elms-with-car-number-13\/\" \/>\n<meta property=\"og:site_name\" content=\"Inter Europol Competition\" \/>\n<meta property=\"article:publisher\" content=\"https:\/\/www.facebook.com\/InterEuropolCompetition\" \/>\n<meta property=\"article:published_time\" content=\"2017-04-12T08:24:05+00:00\" \/>\n<meta property=\"article:modified_time\" content=\"2024-01-15T13:53:41+00:00\" \/>\n<meta property=\"og:image\" content=\"https:\/\/intereuropolcompetition.eu\/wp-content\/uploads\/2017\/04\/Inter_Europol_Monza_Test_2017-06.jpg\" \/>\n\t<meta property=\"og:image:width\" content=\"1500\" \/>\n\t<meta property=\"og:image:height\" content=\"1000\" \/>\n\t<meta property=\"og:image:type\" content=\"image\/jpeg\" \/>\n<meta name=\"author\" content=\"piter\" \/>\n<meta name=\"twitter:card\" content=\"summary_large_image\" \/>\n<meta name=\"twitter:creator\" content=\"@IE_Competition\" \/>\n<meta name=\"twitter:site\" content=\"@IE_Competition\" \/>\n<meta name=\"twitter:label1\" content=\"Napisane przez\" \/>\n\t<meta name=\"twitter:data1\" content=\"piter\" \/>\n\t<meta name=\"twitter:label2\" content=\"Szacowany czas czytania\" \/>\n\t<meta name=\"twitter:data2\" content=\"2 minuty\" \/>\n<script type=\"application\/ld+json\" class=\"yoast-schema-graph\">{\"@context\":\"https:\\\/\\\/schema.org\",\"@graph\":[{\"@type\":\"Article\",\"@id\":\"https:\\\/\\\/intereuropolcompetition.eu\\\/inter-europol-competition-back-in-the-elms-with-car-number-13\\\/#article\",\"isPartOf\":{\"@id\":\"https:\\\/\\\/intereuropolcompetition.eu\\\/inter-europol-competition-back-in-the-elms-with-car-number-13\\\/\"},\"author\":{\"name\":\"piter\",\"@id\":\"https:\\\/\\\/intereuropolcompetition.eu\\\/#\\\/schema\\\/person\\\/f1d7d78d3c78b891612559c9cc2a41ce\"},\"headline\":\"Inter Europol Competition wraca do ELMS z numerem 13\",\"datePublished\":\"2017-04-12T08:24:05+00:00\",\"dateModified\":\"2024-01-15T13:53:41+00:00\",\"mainEntityOfPage\":{\"@id\":\"https:\\\/\\\/intereuropolcompetition.eu\\\/inter-europol-competition-back-in-the-elms-with-car-number-13\\\/\"},\"wordCount\":663,\"commentCount\":0,\"image\":{\"@id\":\"https:\\\/\\\/intereuropolcompetition.eu\\\/inter-europol-competition-back-in-the-elms-with-car-number-13\\\/#primaryimage\"},\"thumbnailUrl\":\"https:\\\/\\\/intereuropolcompetition.eu\\\/wp-content\\\/uploads\\\/2017\\\/04\\\/Inter_Europol_Monza_Test_2017-06.jpg\",\"articleSection\":[\"News\"],\"inLanguage\":\"pl-PL\",\"potentialAction\":[{\"@type\":\"CommentAction\",\"name\":\"Comment\",\"target\":[\"https:\\\/\\\/intereuropolcompetition.eu\\\/inter-europol-competition-back-in-the-elms-with-car-number-13\\\/#respond\"]}]},{\"@type\":\"WebPage\",\"@id\":\"https:\\\/\\\/intereuropolcompetition.eu\\\/pl\\\/inter-europol-competition-back-in-the-elms-with-car-number-13\\\/\",\"url\":\"https:\\\/\\\/intereuropolcompetition.eu\\\/pl\\\/inter-europol-competition-back-in-the-elms-with-car-number-13\\\/\",\"name\":\"Inter Europol Competition wraca do ELMS z numerem 13 - Inter Europol Competition\",\"isPartOf\":{\"@id\":\"https:\\\/\\\/intereuropolcompetition.eu\\\/pl\\\/#website\"},\"primaryImageOfPage\":{\"@id\":\"https:\\\/\\\/intereuropolcompetition.eu\\\/pl\\\/inter-europol-competition-back-in-the-elms-with-car-number-13\\\/#primaryimage\"},\"image\":{\"@id\":\"https:\\\/\\\/intereuropolcompetition.eu\\\/inter-europol-competition-back-in-the-elms-with-car-number-13\\\/#primaryimage\"},\"thumbnailUrl\":\"https:\\\/\\\/intereuropolcompetition.eu\\\/wp-content\\\/uploads\\\/2017\\\/04\\\/Inter_Europol_Monza_Test_2017-06.jpg\",\"datePublished\":\"2017-04-12T08:24:05+00:00\",\"dateModified\":\"2024-01-15T13:53:41+00:00\",\"author\":{\"@id\":\"https:\\\/\\\/intereuropolcompetition.eu\\\/#\\\/schema\\\/person\\\/f1d7d78d3c78b891612559c9cc2a41ce\"},\"breadcrumb\":{\"@id\":\"https:\\\/\\\/intereuropolcompetition.eu\\\/pl\\\/inter-europol-competition-back-in-the-elms-with-car-number-13\\\/#breadcrumb\"},\"inLanguage\":\"pl-PL\",\"potentialAction\":[{\"@type\":\"ReadAction\",\"target\":[[\"https:\\\/\\\/intereuropolcompetition.eu\\\/pl\\\/inter-europol-competition-back-in-the-elms-with-car-number-13\\\/\"]]}]},{\"@type\":\"ImageObject\",\"inLanguage\":\"pl-PL\",\"@id\":\"https:\\\/\\\/intereuropolcompetition.eu\\\/pl\\\/inter-europol-competition-back-in-the-elms-with-car-number-13\\\/#primaryimage\",\"url\":\"https:\\\/\\\/intereuropolcompetition.eu\\\/wp-content\\\/uploads\\\/2017\\\/04\\\/Inter_Europol_Monza_Test_2017-06.jpg\",\"contentUrl\":\"https:\\\/\\\/intereuropolcompetition.eu\\\/wp-content\\\/uploads\\\/2017\\\/04\\\/Inter_Europol_Monza_Test_2017-06.jpg\",\"width\":1500,\"height\":1000},{\"@type\":\"BreadcrumbList\",\"@id\":\"https:\\\/\\\/intereuropolcompetition.eu\\\/pl\\\/inter-europol-competition-back-in-the-elms-with-car-number-13\\\/#breadcrumb\",\"itemListElement\":[{\"@type\":\"ListItem\",\"position\":1,\"name\":\"Home\",\"item\":\"https:\\\/\\\/intereuropolcompetition.eu\\\/pl\\\/\"},{\"@type\":\"ListItem\",\"position\":2,\"name\":\"Inter Europol Competition wraca do ELMS z numerem 13\"}]},{\"@type\":\"WebSite\",\"@id\":\"https:\\\/\\\/intereuropolcompetition.eu\\\/pl\\\/#website\",\"url\":\"https:\\\/\\\/intereuropolcompetition.eu\\\/pl\\\/\",\"name\":\"Inter Europol Competition\",\"description\":\"Mi\u0119dzynarodowy zesp\u00f3\u0142 bior\u0105cy udzia\u0142 wy\u015bcigach serii VdeV, ELMS i BOSS GP\",\"potentialAction\":[{\"@type\":\"SearchAction\",\"target\":{\"@type\":\"EntryPoint\",\"urlTemplate\":\"https:\\\/\\\/intereuropolcompetition.eu\\\/pl\\\/?s={search_term_string}\"},\"query-input\":{\"@type\":\"PropertyValueSpecification\",\"valueRequired\":true,\"valueName\":\"search_term_string\"}}],\"inLanguage\":\"pl-PL\"},{\"@type\":\"Person\",\"@id\":\"https:\\\/\\\/intereuropolcompetition.eu\\\/#\\\/schema\\\/person\\\/f1d7d78d3c78b891612559c9cc2a41ce\",\"name\":\"piter\",\"image\":{\"@type\":\"ImageObject\",\"inLanguage\":\"pl-PL\",\"@id\":\"https:\\\/\\\/secure.gravatar.com\\\/avatar\\\/63cad845df19e0c45c4febdba3ae16c143b23a30dddc622cc68aeeb902d6c7d9?s=96&d=blank&r=g\",\"url\":\"https:\\\/\\\/secure.gravatar.com\\\/avatar\\\/63cad845df19e0c45c4febdba3ae16c143b23a30dddc622cc68aeeb902d6c7d9?s=96&d=blank&r=g\",\"contentUrl\":\"https:\\\/\\\/secure.gravatar.com\\\/avatar\\\/63cad845df19e0c45c4febdba3ae16c143b23a30dddc622cc68aeeb902d6c7d9?s=96&d=blank&r=g\",\"caption\":\"piter\"},\"url\":\"https:\\\/\\\/intereuropolcompetition.eu\\\/pl\\\/author\\\/piter\\\/\"}]}<\/script>\n<!-- \/ Yoast SEO plugin. -->","yoast_head_json":{"title":"Inter Europol Competition wraca do ELMS z numerem 13 - Inter Europol Competition","robots":{"index":"index","follow":"follow","max-snippet":"max-snippet:-1","max-image-preview":"max-image-preview:large","max-video-preview":"max-video-preview:-1"},"canonical":"https:\/\/intereuropolcompetition.eu\/pl\/inter-europol-competition-back-in-the-elms-with-car-number-13\/","og_locale":"pl_PL","og_type":"article","og_title":"Inter Europol Competition wraca do ELMS z numerem 13 - Inter Europol Competition","og_description":"Zesp\u00f3\u0142 Inter Europol Competition wraca do serii ELMS na drugi sezon z ich Ligierem LMP3. W tym roku samoch\u00f3d z numerem 13 b\u0119dzie pilotowany przez Kub\u0119 \u015amiechowskiego i Martina Hippe. W zesz\u0142ym roku zesp\u00f3\u0142 zako\u0144czy\u0142 na 10 miejscu w klasyfikacji zespo\u0142owej, a \u015amiechowski na 12 w klasyfikacji kierowc\u00f3w. W tym [&hellip;]","og_url":"https:\/\/intereuropolcompetition.eu\/pl\/inter-europol-competition-back-in-the-elms-with-car-number-13\/","og_site_name":"Inter Europol Competition","article_publisher":"https:\/\/www.facebook.com\/InterEuropolCompetition","article_published_time":"2017-04-12T08:24:05+00:00","article_modified_time":"2024-01-15T13:53:41+00:00","og_image":[{"width":1500,"height":1000,"url":"https:\/\/intereuropolcompetition.eu\/wp-content\/uploads\/2017\/04\/Inter_Europol_Monza_Test_2017-06.jpg","type":"image\/jpeg"}],"author":"piter","twitter_card":"summary_large_image","twitter_creator":"@IE_Competition","twitter_site":"@IE_Competition","twitter_misc":{"Napisane przez":"piter","Szacowany czas czytania":"2 minuty"},"schema":{"@context":"https:\/\/schema.org","@graph":[{"@type":"Article","@id":"https:\/\/intereuropolcompetition.eu\/inter-europol-competition-back-in-the-elms-with-car-number-13\/#article","isPartOf":{"@id":"https:\/\/intereuropolcompetition.eu\/inter-europol-competition-back-in-the-elms-with-car-number-13\/"},"author":{"name":"piter","@id":"https:\/\/intereuropolcompetition.eu\/#\/schema\/person\/f1d7d78d3c78b891612559c9cc2a41ce"},"headline":"Inter Europol Competition wraca do ELMS z numerem 13","datePublished":"2017-04-12T08:24:05+00:00","dateModified":"2024-01-15T13:53:41+00:00","mainEntityOfPage":{"@id":"https:\/\/intereuropolcompetition.eu\/inter-europol-competition-back-in-the-elms-with-car-number-13\/"},"wordCount":663,"commentCount":0,"image":{"@id":"https:\/\/intereuropolcompetition.eu\/inter-europol-competition-back-in-the-elms-with-car-number-13\/#primaryimage"},"thumbnailUrl":"https:\/\/intereuropolcompetition.eu\/wp-content\/uploads\/2017\/04\/Inter_Europol_Monza_Test_2017-06.jpg","articleSection":["News"],"inLanguage":"pl-PL","potentialAction":[{"@type":"CommentAction","name":"Comment","target":["https:\/\/intereuropolcompetition.eu\/inter-europol-competition-back-in-the-elms-with-car-number-13\/#respond"]}]},{"@type":"WebPage","@id":"https:\/\/intereuropolcompetition.eu\/pl\/inter-europol-competition-back-in-the-elms-with-car-number-13\/","url":"https:\/\/intereuropolcompetition.eu\/pl\/inter-europol-competition-back-in-the-elms-with-car-number-13\/","name":"Inter Europol Competition wraca do ELMS z numerem 13 - Inter Europol Competition","isPartOf":{"@id":"https:\/\/intereuropolcompetition.eu\/pl\/#website"},"primaryImageOfPage":{"@id":"https:\/\/intereuropolcompetition.eu\/pl\/inter-europol-competition-back-in-the-elms-with-car-number-13\/#primaryimage"},"image":{"@id":"https:\/\/intereuropolcompetition.eu\/inter-europol-competition-back-in-the-elms-with-car-number-13\/#primaryimage"},"thumbnailUrl":"https:\/\/intereuropolcompetition.eu\/wp-content\/uploads\/2017\/04\/Inter_Europol_Monza_Test_2017-06.jpg","datePublished":"2017-04-12T08:24:05+00:00","dateModified":"2024-01-15T13:53:41+00:00","author":{"@id":"https:\/\/intereuropolcompetition.eu\/#\/schema\/person\/f1d7d78d3c78b891612559c9cc2a41ce"},"breadcrumb":{"@id":"https:\/\/intereuropolcompetition.eu\/pl\/inter-europol-competition-back-in-the-elms-with-car-number-13\/#breadcrumb"},"inLanguage":"pl-PL","potentialAction":[{"@type":"ReadAction","target":[["https:\/\/intereuropolcompetition.eu\/pl\/inter-europol-competition-back-in-the-elms-with-car-number-13\/"]]}]},{"@type":"ImageObject","inLanguage":"pl-PL","@id":"https:\/\/intereuropolcompetition.eu\/pl\/inter-europol-competition-back-in-the-elms-with-car-number-13\/#primaryimage","url":"https:\/\/intereuropolcompetition.eu\/wp-content\/uploads\/2017\/04\/Inter_Europol_Monza_Test_2017-06.jpg","contentUrl":"https:\/\/intereuropolcompetition.eu\/wp-content\/uploads\/2017\/04\/Inter_Europol_Monza_Test_2017-06.jpg","width":1500,"height":1000},{"@type":"BreadcrumbList","@id":"https:\/\/intereuropolcompetition.eu\/pl\/inter-europol-competition-back-in-the-elms-with-car-number-13\/#breadcrumb","itemListElement":[{"@type":"ListItem","position":1,"name":"Home","item":"https:\/\/intereuropolcompetition.eu\/pl\/"},{"@type":"ListItem","position":2,"name":"Inter Europol Competition wraca do ELMS z numerem 13"}]},{"@type":"WebSite","@id":"https:\/\/intereuropolcompetition.eu\/pl\/#website","url":"https:\/\/intereuropolcompetition.eu\/pl\/","name":"Inter Europol Competition","description":"Mi\u0119dzynarodowy zesp\u00f3\u0142 bior\u0105cy udzia\u0142 wy\u015bcigach serii VdeV, ELMS i BOSS GP","potentialAction":[{"@type":"SearchAction","target":{"@type":"EntryPoint","urlTemplate":"https:\/\/intereuropolcompetition.eu\/pl\/?s={search_term_string}"},"query-input":{"@type":"PropertyValueSpecification","valueRequired":true,"valueName":"search_term_string"}}],"inLanguage":"pl-PL"},{"@type":"Person","@id":"https:\/\/intereuropolcompetition.eu\/#\/schema\/person\/f1d7d78d3c78b891612559c9cc2a41ce","name":"piter","image":{"@type":"ImageObject","inLanguage":"pl-PL","@id":"https:\/\/secure.gravatar.com\/avatar\/63cad845df19e0c45c4febdba3ae16c143b23a30dddc622cc68aeeb902d6c7d9?s=96&d=blank&r=g","url":"https:\/\/secure.gravatar.com\/avatar\/63cad845df19e0c45c4febdba3ae16c143b23a30dddc622cc68aeeb902d6c7d9?s=96&d=blank&r=g","contentUrl":"https:\/\/secure.gravatar.com\/avatar\/63cad845df19e0c45c4febdba3ae16c143b23a30dddc622cc68aeeb902d6c7d9?s=96&d=blank&r=g","caption":"piter"},"url":"https:\/\/intereuropolcompetition.eu\/pl\/author\/piter\/"}]}},"_links":{"self":[{"href":"https:\/\/intereuropolcompetition.eu\/pl\/wp-json\/wp\/v2\/posts\/1905","targetHints":{"allow":["GET"]}}],"collection":[{"href":"https:\/\/intereuropolcompetition.eu\/pl\/wp-json\/wp\/v2\/posts"}],"about":[{"href":"https:\/\/intereuropolcompetition.eu\/pl\/wp-json\/wp\/v2\/types\/post"}],"author":[{"embeddable":true,"href":"https:\/\/intereuropolcompetition.eu\/pl\/wp-json\/wp\/v2\/users\/1"}],"replies":[{"embeddable":true,"href":"https:\/\/intereuropolcompetition.eu\/pl\/wp-json\/wp\/v2\/comments?post=1905"}],"version-history":[{"count":1,"href":"https:\/\/intereuropolcompetition.eu\/pl\/wp-json\/wp\/v2\/posts\/1905\/revisions"}],"predecessor-version":[{"id":16098,"href":"https:\/\/intereuropolcompetition.eu\/pl\/wp-json\/wp\/v2\/posts\/1905\/revisions\/16098"}],"wp:featuredmedia":[{"embeddable":true,"href":"https:\/\/intereuropolcompetition.eu\/pl\/wp-json\/wp\/v2\/media\/1907"}],"wp:attachment":[{"href":"https:\/\/intereuropolcompetition.eu\/pl\/wp-json\/wp\/v2\/media?parent=1905"}],"wp:term":[{"taxonomy":"category","embeddable":true,"href":"https:\/\/intereuropolcompetition.eu\/pl\/wp-json\/wp\/v2\/categories?post=1905"},{"taxonomy":"post_tag","embeddable":true,"href":"https:\/\/intereuropolcompetition.eu\/pl\/wp-json\/wp\/v2\/tags?post=1905"}],"curies":[{"name":"wp","href":"https:\/\/api.w.org\/{rel}","templated":true}]}}