{"id":17472,"date":"2026-03-09T13:00:35","date_gmt":"2026-03-09T12:00:35","guid":{"rendered":"https:\/\/intereuropolcompetition.eu\/?p=17472"},"modified":"2026-03-09T13:00:35","modified_gmt":"2026-03-09T12:00:35","slug":"inter-europol-competition-confirms-lmp2-driver-lineups-for-2026-european-le-mans-series","status":"publish","type":"post","link":"https:\/\/intereuropolcompetition.eu\/pl\/inter-europol-competition-confirms-lmp2-driver-lineups-for-2026-european-le-mans-series\/","title":{"rendered":"(English) Inter Europol Competition confirms LMP2 driver lineups for 2026 European Le Mans Series"},"content":{"rendered":"<p class=\"qtranxs-available-languages-message qtranxs-available-languages-message-pl\">Przepraszamy, ten wpis jest dost\u0119pny tylko w j\u0119zyku <a href=\"https:\/\/intereuropolcompetition.eu\/en\/wp-json\/wp\/v2\/posts\/17472\" class=\"qtranxs-available-language-link qtranxs-available-language-link-en\" title=\"English\">English<\/a>.<\/p><p><\/p>\n<ul>\n<li><strong>#43 <\/strong>LMP2 trio returns with<strong> Nick Yelloly, Tom Dillmann,<\/strong> and <strong>Kuba Smiechowski<\/strong> after a Le Mans victory and second place in the ELMS championship.<\/li>\n<li><strong>#34 <\/strong>LMP2 sees <strong>Bijoy Garg<\/strong> joined by<strong> Reshad De Gerus<\/strong> as Inter Europol Competition confirms its second LMP2 lineup for the season.<\/li>\n<\/ul>\n<p>Inter Europol Competition is set to return to its well-established prototype programme in the European Le Mans Series in 2026, confirming its LMP2 driver lineups ahead of the new season. Following a campaign that delivered victory at the 24 Hours of Le Mans and a second-place finish in the ELMS championship in 2025, the team brings continuity, experience, and proven performance back to the grid as it targets another competitive year in European endurance racing.<\/p>\n<p><strong>Car #43 \u2013 LMP2<\/strong><br \/>\n<strong>Nick Yelloly, Tom Dillmann, Kuba Smiechowski<\/strong><\/p>\n<p>Inter Europol Competition\u2019s #43 LMP2 entry returns to the European Le Mans Series in 2026 with the same driver lineup that delivered a standout campaign last season. Nick Yelloly, Tom Dillmann, and Kuba Smiechowski reunite following a year that included victory at the 24 Hours of Le Mans and a second-place finish in the ELMS championship.<\/p>\n<p>The trio brings strong continuity to the programme, combining proven race-winning pace with an established working relationship as the team looks to build on last season\u2019s success.<\/p>\n<p><strong>Car #34 \u2013 LMP2<\/strong><br \/>\n<strong>Bijoy Garg, Reshad De Gerus<\/strong><\/p>\n<p>Inter Europol Competition\u2019s #34 LMP2 entry for the 2026 European Le Mans Series will feature Bijoy Garg and Reshad De Gerus, forming a strong pairing as the team continues to expand its LMP2 programme.<\/p>\n<p>Garg adds the ELMS programme to his already extensive calendar with Inter Europol Competition, continuing his established career within prototype racing and further strengthening his role within the team\u2019s international programme.<\/p>\n<p>Joining him is Reshad De Gerus, who brings valuable experience in LMP2 competition. De Gerus competed in the European Le Mans Series in 2025, finishing fourth in the LMP2 standings. Across his ELMS campaigns, he has secured two pole positions at Barcelona and two podium finishes, while also competing in the 24 Hours of Le Mans on four occasions \u2014 highlighted by a third-place finish in 2024 and recognition as the winner of the Wingfoot Award.<\/p>\n<p>With a combination of experience and proven pace in prototype competition, the #34 lineup strengthens Inter Europol Competition\u2019s LMP2 effort as the team prepares for the 2026 ELMS season.<\/p>\n<p><strong>QUOTES\u00a0<\/strong><\/p>\n<p><strong>Sascha Fassbender<\/strong><\/p>\n<p>\u201cI\u2019m really looking forward to the 2026 ELMS season. In car #43 we have the same lineup as last year, where we finished second in the championship and won Le Mans, so the objective is clear \u2014 to fight for the ELMS title. For car #34 we have two young drivers with Bijoy, who continues to show his strong commitment to the team through his programmes in IMSA, ALMS, ELMS and Le Mans. As a Silver driver he has great talent and will be strong for us. Reshad already has good experience for his age, having competed in several ELMS seasons and showing impressive pace, including multiple pole positions. With the two-driver lineup we will have some interesting strategic possibilities during the season, and I hope we can achieve strong results with both cars across the championship.\u201d<\/p>\n<p><strong>Nick Yelloly\u00a0<\/strong><br \/>\n\u201cI\u2019m really looking forward to being back with the same crew as last year. We had a very strong season, finishing second in the championship and of course winning Le Mans. This year we want to go one step further and fight for the ELMS title, which I feel the team has been knocking on the door of for the past few seasons. We\u2019ll also return to Le Mans as the defending champions and aim to fight for victory again. Having worked together already, we should be able to start the season stronger and get straight back into the rhythm of things, so I\u2019m really excited for the year ahead.\u201d<\/p>\n<p><strong>Tom Dillmann<\/strong><br \/>\n&#8222;The continuity is great, and I look forward to going racing with the team and my teammates. The goal is clear: make the final step and win the championship.&#8221;<\/p>\n<p><strong>Kuba Smiechowski<\/strong><br \/>\n&#8222;I am very happy that we were able to retain the lineup from last year. I think the goal for us is clear- we want to finish the year on top and take the championship trophy home, winning as many races as we can in the process.&#8221;<\/p>\n<p><strong>Bijoy Garg<\/strong><br \/>\n\u201cI am very excited to be back in ELMS and back with Inter Europol! We already started the season strong with podiums in Daytona and Abu Dhabi. The competition will be strong this year, but the team has challenged for the title the last two years, and Reshad will be a great addition to the lineup. I can&#8217;t wait to start the season in Barcelona and to contend for wins and podiums.&#8221;<\/p>\n<p><strong>Reshad De Gerus<\/strong><br \/>\n\u201cIt is a privilege to join a team as successful as Inter Europol for the 2026 season. We share the same goals and determination to maximise our potential and compete at the highest level. I believe we have everything we need to have a great season. I can&#8217;t wait to be in Barcelona for the first round of the year !&#8221;<\/p>\n<p>The 2026 European Le Mans Series season will begin at Circuit de Barcelona-Catalunya, with the official ELMS Prologue scheduled for 6\u20137 April ahead of the opening round, the 4 Hours of Barcelona, on 12 April.<\/p>\n<p>The six-round championship will then continue with:<\/p>\n<p>\u2022 3 May \u2013 4 Hours of Le Castellet<br \/>\n\u2022 5 July \u2013 4 Hours of Imola<br \/>\n\u2022 23 August \u2013 4 Hours of Spa-Francorchamps<br \/>\n\u2022 13 September \u2013 4 Hours of Silverstone<br \/>\n\u2022 10 October \u2013 4 Hours of Portim\u00e3o<\/p>\n<p>&nbsp;<\/p>","protected":false},"excerpt":{"rendered":"<p>Przepraszamy, ten wpis jest dost\u0119pny tylko w j\u0119zyku English. #43 LMP2 trio returns with Nick Yelloly, Tom Dillmann, and Kuba Smiechowski after a Le Mans victory and second place in the ELMS championship. #34 LMP2 sees Bijoy Garg joined by Reshad De Gerus as Inter Europol Competition confirms its second [&hellip;]<\/p>\n","protected":false},"author":8,"featured_media":17474,"comment_status":"open","ping_status":"open","sticky":false,"template":"","format":"standard","meta":{"footnotes":""},"categories":[108,50],"tags":[],"class_list":["post-17472","post","type-post","status-publish","format-standard","has-post-thumbnail","hentry","category-elms-2","category-news"],"yoast_head":"<!-- This site is optimized with the Yoast SEO plugin v27.5 - https:\/\/yoast.com\/product\/yoast-seo-wordpress\/ -->\n<title>(English) Inter Europol Competition confirms LMP2 driver lineups for 2026 European Le Mans Series - Inter Europol Competition<\/title>\n<meta name=\"robots\" content=\"index, follow, max-snippet:-1, max-image-preview:large, max-video-preview:-1\" \/>\n<link rel=\"canonical\" href=\"https:\/\/intereuropolcompetition.eu\/pl\/inter-europol-competition-confirms-lmp2-driver-lineups-for-2026-european-le-mans-series\/\" \/>\n<meta property=\"og:locale\" content=\"pl_PL\" \/>\n<meta property=\"og:type\" content=\"article\" \/>\n<meta property=\"og:title\" content=\"(English) Inter Europol Competition confirms LMP2 driver lineups for 2026 European Le Mans Series - Inter Europol Competition\" \/>\n<meta property=\"og:description\" content=\"Przepraszamy, ten wpis jest dost\u0119pny tylko w j\u0119zyku English. #43 LMP2 trio returns with Nick Yelloly, Tom Dillmann, and Kuba Smiechowski after a Le Mans victory and second place in the ELMS championship. #34 LMP2 sees Bijoy Garg joined by Reshad De Gerus as Inter Europol Competition confirms its second [&hellip;]\" \/>\n<meta property=\"og:url\" content=\"https:\/\/intereuropolcompetition.eu\/pl\/inter-europol-competition-confirms-lmp2-driver-lineups-for-2026-european-le-mans-series\/\" \/>\n<meta property=\"og:site_name\" content=\"Inter Europol Competition\" \/>\n<meta property=\"article:publisher\" content=\"https:\/\/www.facebook.com\/InterEuropolCompetition\" \/>\n<meta property=\"article:published_time\" content=\"2026-03-09T12:00:35+00:00\" \/>\n<meta property=\"og:image\" content=\"https:\/\/intereuropolcompetition.eu\/wp-content\/uploads\/2026\/03\/AF-300_AF0385614-scaled.jpg\" \/>\n\t<meta property=\"og:image:width\" content=\"2560\" \/>\n\t<meta property=\"og:image:height\" content=\"1707\" \/>\n\t<meta property=\"og:image:type\" content=\"image\/jpeg\" \/>\n<meta name=\"author\" content=\"Jodie Elliott\" \/>\n<meta name=\"twitter:card\" content=\"summary_large_image\" \/>\n<meta name=\"twitter:creator\" content=\"@IE_Competition\" \/>\n<meta name=\"twitter:site\" content=\"@IE_Competition\" \/>\n<meta name=\"twitter:label1\" content=\"Napisane przez\" \/>\n\t<meta name=\"twitter:data1\" content=\"Jodie Elliott\" \/>\n\t<meta name=\"twitter:label2\" content=\"Szacowany czas czytania\" \/>\n\t<meta name=\"twitter:data2\" content=\"1 minuta\" \/>\n<script type=\"application\/ld+json\" class=\"yoast-schema-graph\">{\"@context\":\"https:\\\/\\\/schema.org\",\"@graph\":[{\"@type\":\"Article\",\"@id\":\"https:\\\/\\\/intereuropolcompetition.eu\\\/inter-europol-competition-confirms-lmp2-driver-lineups-for-2026-european-le-mans-series\\\/#article\",\"isPartOf\":{\"@id\":\"https:\\\/\\\/intereuropolcompetition.eu\\\/inter-europol-competition-confirms-lmp2-driver-lineups-for-2026-european-le-mans-series\\\/\"},\"author\":{\"name\":\"Jodie Elliott\",\"@id\":\"https:\\\/\\\/intereuropolcompetition.eu\\\/#\\\/schema\\\/person\\\/6da487c67172380e2ce87a93ab2f0a1f\"},\"headline\":\"(English) Inter Europol Competition confirms LMP2 driver lineups for 2026 European Le Mans Series\",\"datePublished\":\"2026-03-09T12:00:35+00:00\",\"mainEntityOfPage\":{\"@id\":\"https:\\\/\\\/intereuropolcompetition.eu\\\/inter-europol-competition-confirms-lmp2-driver-lineups-for-2026-european-le-mans-series\\\/\"},\"wordCount\":923,\"commentCount\":0,\"image\":{\"@id\":\"https:\\\/\\\/intereuropolcompetition.eu\\\/inter-europol-competition-confirms-lmp2-driver-lineups-for-2026-european-le-mans-series\\\/#primaryimage\"},\"thumbnailUrl\":\"https:\\\/\\\/intereuropolcompetition.eu\\\/wp-content\\\/uploads\\\/2026\\\/03\\\/AF-300_AF0385614-scaled.jpg\",\"articleSection\":[\"ELMS\",\"News\"],\"inLanguage\":\"pl-PL\",\"potentialAction\":[{\"@type\":\"CommentAction\",\"name\":\"Comment\",\"target\":[\"https:\\\/\\\/intereuropolcompetition.eu\\\/inter-europol-competition-confirms-lmp2-driver-lineups-for-2026-european-le-mans-series\\\/#respond\"]}]},{\"@type\":\"WebPage\",\"@id\":\"https:\\\/\\\/intereuropolcompetition.eu\\\/pl\\\/inter-europol-competition-confirms-lmp2-driver-lineups-for-2026-european-le-mans-series\\\/\",\"url\":\"https:\\\/\\\/intereuropolcompetition.eu\\\/pl\\\/inter-europol-competition-confirms-lmp2-driver-lineups-for-2026-european-le-mans-series\\\/\",\"name\":\"(English) Inter Europol Competition confirms LMP2 driver lineups for 2026 European Le Mans Series - Inter Europol Competition\",\"isPartOf\":{\"@id\":\"https:\\\/\\\/intereuropolcompetition.eu\\\/pl\\\/#website\"},\"primaryImageOfPage\":{\"@id\":\"https:\\\/\\\/intereuropolcompetition.eu\\\/pl\\\/inter-europol-competition-confirms-lmp2-driver-lineups-for-2026-european-le-mans-series\\\/#primaryimage\"},\"image\":{\"@id\":\"https:\\\/\\\/intereuropolcompetition.eu\\\/inter-europol-competition-confirms-lmp2-driver-lineups-for-2026-european-le-mans-series\\\/#primaryimage\"},\"thumbnailUrl\":\"https:\\\/\\\/intereuropolcompetition.eu\\\/wp-content\\\/uploads\\\/2026\\\/03\\\/AF-300_AF0385614-scaled.jpg\",\"datePublished\":\"2026-03-09T12:00:35+00:00\",\"author\":{\"@id\":\"https:\\\/\\\/intereuropolcompetition.eu\\\/#\\\/schema\\\/person\\\/6da487c67172380e2ce87a93ab2f0a1f\"},\"breadcrumb\":{\"@id\":\"https:\\\/\\\/intereuropolcompetition.eu\\\/pl\\\/inter-europol-competition-confirms-lmp2-driver-lineups-for-2026-european-le-mans-series\\\/#breadcrumb\"},\"inLanguage\":\"pl-PL\",\"potentialAction\":[{\"@type\":\"ReadAction\",\"target\":[[\"https:\\\/\\\/intereuropolcompetition.eu\\\/pl\\\/inter-europol-competition-confirms-lmp2-driver-lineups-for-2026-european-le-mans-series\\\/\"]]}]},{\"@type\":\"ImageObject\",\"inLanguage\":\"pl-PL\",\"@id\":\"https:\\\/\\\/intereuropolcompetition.eu\\\/pl\\\/inter-europol-competition-confirms-lmp2-driver-lineups-for-2026-european-le-mans-series\\\/#primaryimage\",\"url\":\"https:\\\/\\\/intereuropolcompetition.eu\\\/wp-content\\\/uploads\\\/2026\\\/03\\\/AF-300_AF0385614-scaled.jpg\",\"contentUrl\":\"https:\\\/\\\/intereuropolcompetition.eu\\\/wp-content\\\/uploads\\\/2026\\\/03\\\/AF-300_AF0385614-scaled.jpg\",\"width\":2560,\"height\":1707},{\"@type\":\"BreadcrumbList\",\"@id\":\"https:\\\/\\\/intereuropolcompetition.eu\\\/pl\\\/inter-europol-competition-confirms-lmp2-driver-lineups-for-2026-european-le-mans-series\\\/#breadcrumb\",\"itemListElement\":[{\"@type\":\"ListItem\",\"position\":1,\"name\":\"Home\",\"item\":\"https:\\\/\\\/intereuropolcompetition.eu\\\/pl\\\/\"},{\"@type\":\"ListItem\",\"position\":2,\"name\":\"Inter Europol Competition confirms LMP2 driver lineups for 2026 European Le Mans Series\"}]},{\"@type\":\"WebSite\",\"@id\":\"https:\\\/\\\/intereuropolcompetition.eu\\\/pl\\\/#website\",\"url\":\"https:\\\/\\\/intereuropolcompetition.eu\\\/pl\\\/\",\"name\":\"Inter Europol Competition\",\"description\":\"Mi\u0119dzynarodowy zesp\u00f3\u0142 bior\u0105cy udzia\u0142 wy\u015bcigach serii VdeV, ELMS i BOSS GP\",\"potentialAction\":[{\"@type\":\"SearchAction\",\"target\":{\"@type\":\"EntryPoint\",\"urlTemplate\":\"https:\\\/\\\/intereuropolcompetition.eu\\\/pl\\\/?s={search_term_string}\"},\"query-input\":{\"@type\":\"PropertyValueSpecification\",\"valueRequired\":true,\"valueName\":\"search_term_string\"}}],\"inLanguage\":\"pl-PL\"},{\"@type\":\"Person\",\"@id\":\"https:\\\/\\\/intereuropolcompetition.eu\\\/#\\\/schema\\\/person\\\/6da487c67172380e2ce87a93ab2f0a1f\",\"name\":\"Jodie Elliott\",\"image\":{\"@type\":\"ImageObject\",\"inLanguage\":\"pl-PL\",\"@id\":\"https:\\\/\\\/secure.gravatar.com\\\/avatar\\\/e4d0d4e440baa5bb1b3c51b9a53a3d0c6daf35315a97d86e8c2537f3f004f13e?s=96&d=blank&r=g\",\"url\":\"https:\\\/\\\/secure.gravatar.com\\\/avatar\\\/e4d0d4e440baa5bb1b3c51b9a53a3d0c6daf35315a97d86e8c2537f3f004f13e?s=96&d=blank&r=g\",\"contentUrl\":\"https:\\\/\\\/secure.gravatar.com\\\/avatar\\\/e4d0d4e440baa5bb1b3c51b9a53a3d0c6daf35315a97d86e8c2537f3f004f13e?s=96&d=blank&r=g\",\"caption\":\"Jodie Elliott\"},\"url\":\"https:\\\/\\\/intereuropolcompetition.eu\\\/pl\\\/author\\\/earl-alexander\\\/\"}]}<\/script>\n<!-- \/ Yoast SEO plugin. -->","yoast_head_json":{"title":"(English) Inter Europol Competition confirms LMP2 driver lineups for 2026 European Le Mans Series - Inter Europol Competition","robots":{"index":"index","follow":"follow","max-snippet":"max-snippet:-1","max-image-preview":"max-image-preview:large","max-video-preview":"max-video-preview:-1"},"canonical":"https:\/\/intereuropolcompetition.eu\/pl\/inter-europol-competition-confirms-lmp2-driver-lineups-for-2026-european-le-mans-series\/","og_locale":"pl_PL","og_type":"article","og_title":"(English) Inter Europol Competition confirms LMP2 driver lineups for 2026 European Le Mans Series - Inter Europol Competition","og_description":"Przepraszamy, ten wpis jest dost\u0119pny tylko w j\u0119zyku English. #43 LMP2 trio returns with Nick Yelloly, Tom Dillmann, and Kuba Smiechowski after a Le Mans victory and second place in the ELMS championship. #34 LMP2 sees Bijoy Garg joined by Reshad De Gerus as Inter Europol Competition confirms its second [&hellip;]","og_url":"https:\/\/intereuropolcompetition.eu\/pl\/inter-europol-competition-confirms-lmp2-driver-lineups-for-2026-european-le-mans-series\/","og_site_name":"Inter Europol Competition","article_publisher":"https:\/\/www.facebook.com\/InterEuropolCompetition","article_published_time":"2026-03-09T12:00:35+00:00","og_image":[{"width":2560,"height":1707,"url":"https:\/\/intereuropolcompetition.eu\/wp-content\/uploads\/2026\/03\/AF-300_AF0385614-scaled.jpg","type":"image\/jpeg"}],"author":"Jodie Elliott","twitter_card":"summary_large_image","twitter_creator":"@IE_Competition","twitter_site":"@IE_Competition","twitter_misc":{"Napisane przez":"Jodie Elliott","Szacowany czas czytania":"1 minuta"},"schema":{"@context":"https:\/\/schema.org","@graph":[{"@type":"Article","@id":"https:\/\/intereuropolcompetition.eu\/inter-europol-competition-confirms-lmp2-driver-lineups-for-2026-european-le-mans-series\/#article","isPartOf":{"@id":"https:\/\/intereuropolcompetition.eu\/inter-europol-competition-confirms-lmp2-driver-lineups-for-2026-european-le-mans-series\/"},"author":{"name":"Jodie Elliott","@id":"https:\/\/intereuropolcompetition.eu\/#\/schema\/person\/6da487c67172380e2ce87a93ab2f0a1f"},"headline":"(English) Inter Europol Competition confirms LMP2 driver lineups for 2026 European Le Mans Series","datePublished":"2026-03-09T12:00:35+00:00","mainEntityOfPage":{"@id":"https:\/\/intereuropolcompetition.eu\/inter-europol-competition-confirms-lmp2-driver-lineups-for-2026-european-le-mans-series\/"},"wordCount":923,"commentCount":0,"image":{"@id":"https:\/\/intereuropolcompetition.eu\/inter-europol-competition-confirms-lmp2-driver-lineups-for-2026-european-le-mans-series\/#primaryimage"},"thumbnailUrl":"https:\/\/intereuropolcompetition.eu\/wp-content\/uploads\/2026\/03\/AF-300_AF0385614-scaled.jpg","articleSection":["ELMS","News"],"inLanguage":"pl-PL","potentialAction":[{"@type":"CommentAction","name":"Comment","target":["https:\/\/intereuropolcompetition.eu\/inter-europol-competition-confirms-lmp2-driver-lineups-for-2026-european-le-mans-series\/#respond"]}]},{"@type":"WebPage","@id":"https:\/\/intereuropolcompetition.eu\/pl\/inter-europol-competition-confirms-lmp2-driver-lineups-for-2026-european-le-mans-series\/","url":"https:\/\/intereuropolcompetition.eu\/pl\/inter-europol-competition-confirms-lmp2-driver-lineups-for-2026-european-le-mans-series\/","name":"(English) Inter Europol Competition confirms LMP2 driver lineups for 2026 European Le Mans Series - Inter Europol Competition","isPartOf":{"@id":"https:\/\/intereuropolcompetition.eu\/pl\/#website"},"primaryImageOfPage":{"@id":"https:\/\/intereuropolcompetition.eu\/pl\/inter-europol-competition-confirms-lmp2-driver-lineups-for-2026-european-le-mans-series\/#primaryimage"},"image":{"@id":"https:\/\/intereuropolcompetition.eu\/inter-europol-competition-confirms-lmp2-driver-lineups-for-2026-european-le-mans-series\/#primaryimage"},"thumbnailUrl":"https:\/\/intereuropolcompetition.eu\/wp-content\/uploads\/2026\/03\/AF-300_AF0385614-scaled.jpg","datePublished":"2026-03-09T12:00:35+00:00","author":{"@id":"https:\/\/intereuropolcompetition.eu\/#\/schema\/person\/6da487c67172380e2ce87a93ab2f0a1f"},"breadcrumb":{"@id":"https:\/\/intereuropolcompetition.eu\/pl\/inter-europol-competition-confirms-lmp2-driver-lineups-for-2026-european-le-mans-series\/#breadcrumb"},"inLanguage":"pl-PL","potentialAction":[{"@type":"ReadAction","target":[["https:\/\/intereuropolcompetition.eu\/pl\/inter-europol-competition-confirms-lmp2-driver-lineups-for-2026-european-le-mans-series\/"]]}]},{"@type":"ImageObject","inLanguage":"pl-PL","@id":"https:\/\/intereuropolcompetition.eu\/pl\/inter-europol-competition-confirms-lmp2-driver-lineups-for-2026-european-le-mans-series\/#primaryimage","url":"https:\/\/intereuropolcompetition.eu\/wp-content\/uploads\/2026\/03\/AF-300_AF0385614-scaled.jpg","contentUrl":"https:\/\/intereuropolcompetition.eu\/wp-content\/uploads\/2026\/03\/AF-300_AF0385614-scaled.jpg","width":2560,"height":1707},{"@type":"BreadcrumbList","@id":"https:\/\/intereuropolcompetition.eu\/pl\/inter-europol-competition-confirms-lmp2-driver-lineups-for-2026-european-le-mans-series\/#breadcrumb","itemListElement":[{"@type":"ListItem","position":1,"name":"Home","item":"https:\/\/intereuropolcompetition.eu\/pl\/"},{"@type":"ListItem","position":2,"name":"Inter Europol Competition confirms LMP2 driver lineups for 2026 European Le Mans Series"}]},{"@type":"WebSite","@id":"https:\/\/intereuropolcompetition.eu\/pl\/#website","url":"https:\/\/intereuropolcompetition.eu\/pl\/","name":"Inter Europol Competition","description":"Mi\u0119dzynarodowy zesp\u00f3\u0142 bior\u0105cy udzia\u0142 wy\u015bcigach serii VdeV, ELMS i BOSS GP","potentialAction":[{"@type":"SearchAction","target":{"@type":"EntryPoint","urlTemplate":"https:\/\/intereuropolcompetition.eu\/pl\/?s={search_term_string}"},"query-input":{"@type":"PropertyValueSpecification","valueRequired":true,"valueName":"search_term_string"}}],"inLanguage":"pl-PL"},{"@type":"Person","@id":"https:\/\/intereuropolcompetition.eu\/#\/schema\/person\/6da487c67172380e2ce87a93ab2f0a1f","name":"Jodie Elliott","image":{"@type":"ImageObject","inLanguage":"pl-PL","@id":"https:\/\/secure.gravatar.com\/avatar\/e4d0d4e440baa5bb1b3c51b9a53a3d0c6daf35315a97d86e8c2537f3f004f13e?s=96&d=blank&r=g","url":"https:\/\/secure.gravatar.com\/avatar\/e4d0d4e440baa5bb1b3c51b9a53a3d0c6daf35315a97d86e8c2537f3f004f13e?s=96&d=blank&r=g","contentUrl":"https:\/\/secure.gravatar.com\/avatar\/e4d0d4e440baa5bb1b3c51b9a53a3d0c6daf35315a97d86e8c2537f3f004f13e?s=96&d=blank&r=g","caption":"Jodie Elliott"},"url":"https:\/\/intereuropolcompetition.eu\/pl\/author\/earl-alexander\/"}]}},"_links":{"self":[{"href":"https:\/\/intereuropolcompetition.eu\/pl\/wp-json\/wp\/v2\/posts\/17472","targetHints":{"allow":["GET"]}}],"collection":[{"href":"https:\/\/intereuropolcompetition.eu\/pl\/wp-json\/wp\/v2\/posts"}],"about":[{"href":"https:\/\/intereuropolcompetition.eu\/pl\/wp-json\/wp\/v2\/types\/post"}],"author":[{"embeddable":true,"href":"https:\/\/intereuropolcompetition.eu\/pl\/wp-json\/wp\/v2\/users\/8"}],"replies":[{"embeddable":true,"href":"https:\/\/intereuropolcompetition.eu\/pl\/wp-json\/wp\/v2\/comments?post=17472"}],"version-history":[{"count":3,"href":"https:\/\/intereuropolcompetition.eu\/pl\/wp-json\/wp\/v2\/posts\/17472\/revisions"}],"predecessor-version":[{"id":17481,"href":"https:\/\/intereuropolcompetition.eu\/pl\/wp-json\/wp\/v2\/posts\/17472\/revisions\/17481"}],"wp:featuredmedia":[{"embeddable":true,"href":"https:\/\/intereuropolcompetition.eu\/pl\/wp-json\/wp\/v2\/media\/17474"}],"wp:attachment":[{"href":"https:\/\/intereuropolcompetition.eu\/pl\/wp-json\/wp\/v2\/media?parent=17472"}],"wp:term":[{"taxonomy":"category","embeddable":true,"href":"https:\/\/intereuropolcompetition.eu\/pl\/wp-json\/wp\/v2\/categories?post=17472"},{"taxonomy":"post_tag","embeddable":true,"href":"https:\/\/intereuropolcompetition.eu\/pl\/wp-json\/wp\/v2\/tags?post=17472"}],"curies":[{"name":"wp","href":"https:\/\/api.w.org\/{rel}","templated":true}]}}