{"id":16400,"date":"2018-09-01T15:46:10","date_gmt":"2018-09-01T13:46:10","guid":{"rendered":"https:\/\/intereuropolcompetition.eu\/?p=16400"},"modified":"2024-01-15T19:07:10","modified_gmt":"2024-01-15T18:07:10","slug":"unlucky-navarra","status":"publish","type":"post","link":"https:\/\/intereuropolcompetition.eu\/pl\/unlucky-navarra\/","title":{"rendered":"Pechowa Navarra"},"content":{"rendered":"<p>Nawet z mocn\u0105 ekip\u0105, potrzebne jest troch\u0119 szcz\u0119\u015bcia. A tego zdecydowanie zabrak\u0142o zespo\u0142owi Inter Europol Competition podczas tegorocznego 6-godzinnego wy\u015bcigu VdeV w Navarze (Hiszpania). Martin Hippe, regularny kierowca ELMS, do\u0142\u0105czy\u0142 do Kuby \u015amiechowskiego i Pontusa Fredricssona w LMP3 #22. Paul Scheuschner w bli\u017aniaczym aucie #33 dzieli\u0142 go z m\u0142odym szwajcarskim kierowc\u0105 <strong>Moritzem M\u00fcller-Crepon. W samochodzie #33 z\u0142ama\u0142a si\u0119 p\u00f3\u0142o\u015bka, ale uda\u0142o si\u0119 j\u0105 wymieni\u0107 i sko\u0144czy\u0107 wy\u015bcig na 14 pozycji; samoch\u00f3d #22 mia\u0142 problemy ze sprz\u0119g\u0142em i musia\u0142 si\u0119 wycofa\u0107 z wy\u015bcigu.<\/strong><\/p>\n<p><strong>\u00a0<\/strong><\/p>\n<p>Zaraz na pocz\u0105tku drugiej godziny LMP3 #33 z Moritzem zaparkowa\u0142 na poboczu z powodu p\u0119kni\u0119tej p\u00f3\u0142o\u015bki. W przeci\u0105gu 30 minut Moritz wyjecha\u0142 z powrotem na tor z now\u0105 p\u00f3\u0142o\u015bk\u0105. Obaj kierowcy wykonali \u015bwietn\u0105 robot\u0119 zaliczaj\u0105c szybkie i r\u00f3wne okr\u0105\u017cenia, ale mieli 21 k\u00f3\u0142ek straty. Uda\u0142o im si\u0119 uko\u0144czy\u0107 wy\u015bcig na 14 miejscu. Wy\u015bcig zosta\u0142 przerwany na 32 minuty przed ko\u0144cem, kiedy samoch\u00f3d #11 si\u0119 zapali\u0142; kierowca na szcz\u0119\u015bcie wydosta\u0142 si\u0119 bez szwanku.<\/p>\n<p>&nbsp;<\/p>\n<p>Fredricsson w samochodzie #22 jecha\u0142 bardzo dobrze przez pierwsz\u0105 godzin\u0119. Przesun\u0105\u0142 si\u0119 z 9 miejsca na pozycj\u0119 wicelidera do czasu, kiedy przekaza\u0142 kierownic\u0119. Pod koniec czwartej godziny \u015amiechowski prowadzi\u0142 w wy\u015bcigu, kiedy zacz\u0119\u0142y si\u0119 problemy ze sprz\u0119g\u0142em. Zesp\u00f3\u0142 stara\u0142 si\u0119 zreperowa\u0107 auto, ale niestety trio \u015amiechowski \/ Fredricsson i Hippe musia\u0142o wycofa\u0107 si\u0119 z wy\u015bcigu.<\/p>\n<p>&nbsp;<\/p>\n<p>Kuba \u015amiechowski: \u201eCo mog\u0119 powiedzie\u0107? Wielka szkoda bo samoch\u00f3d prowadzi\u0142 si\u0119 dzi\u015b naprawd\u0119 dobrze. Taktycznie zesp\u00f3\u0142 wykona\u0142 \u015bwietn\u0105 robot\u0119, kiedy uda\u0142o nam si\u0119 dotankowa\u0107 samoch\u00f3d podczas Safety Cara. Da\u0142o nam to spor\u0105 przewag\u0119. Wszystko wygl\u0105da\u0142o na to, \u017ce b\u0119dzie to pewne zwyci\u0119stwo, ale jak to w sporcie, nigdy nie wiadomo. Sprz\u0119g\u0142o po prostu odpu\u015bci\u0142o i nie da\u0142o si\u0119 jecha\u0107 dalej.\u201d<\/p>\n<p>&nbsp;<\/p>\n<p>Moritz M\u00fcller-Crepon: \u201ePechowo si\u0119 z\u0142o\u017cy\u0142o, \u017ce musieli\u015bmy wymienia\u0107 p\u00f3\u0142o\u015bk\u0119 w drugiej godzinie. Pokazali\u015bmy dobre tempo podczas wy\u015bcigu i nie zostali\u015bmy nagrodzeni wynikiem na podium. Bardzo mi si\u0119 podoba\u0142o do\u015bwiadczenie \u015bcigania si\u0119 w nocy i jestem wdzi\u0119czny za okazj\u0119 do\u0142\u0105czenia do zespo\u0142u.\u201d<\/p>\n<p>&nbsp;<\/p>\n<p>Paul Scheuschner: \u201eDzisiejszy dzie\u0144 by\u0142 nieszcz\u0119\u015bliwy dla obu ekip. Zarz\u0105dzanie wyprzedzaniem wolniejszych samochod\u00f3w by\u0142o na tym torze bardzo ci\u0119\u017ckie. Utkn\u0105\u0142em za kilkoma konkurentami i jako kierowca klasy d\u017centelmen, nie mog\u0142em wykona\u0107 przepisowych przejazd\u00f3w przez boksy \u017ceby uciec z tych sytuacji. Bardzo mi si\u0119 podoba tor tutaj i przyjemnie by\u0142o si\u0119 tu \u015bciga\u0107. Przej\u015bcie w noc by\u0142o bardzo interesuj\u0105cym prze\u017cyciem z punktu widzenia kierowcy. To by\u0142 bardzo wymagaj\u0105cy dzie\u0144, ale wci\u0105\u017c mamy niez\u0142\u0105 pozycj\u0119 w mistrzostwach i zobaczymy co si\u0119 zdarzy w Le Mans.\u201d<\/p>","protected":false},"excerpt":{"rendered":"<p>Nawet z mocn\u0105 ekip\u0105, potrzebne jest troch\u0119 szcz\u0119\u015bcia. A tego zdecydowanie zabrak\u0142o zespo\u0142owi Inter Europol Competition podczas tegorocznego 6-godzinnego wy\u015bcigu VdeV w Navarze (Hiszpania). Martin Hippe, regularny kierowca ELMS, do\u0142\u0105czy\u0142 do Kuby \u015amiechowskiego i Pontusa Fredricssona w LMP3 #22. Paul Scheuschner w bli\u017aniaczym aucie #33 dzieli\u0142 go z m\u0142odym szwajcarskim [&hellip;]<\/p>\n","protected":false},"author":9,"featured_media":16593,"comment_status":"open","ping_status":"open","sticky":false,"template":"","format":"standard","meta":{"footnotes":""},"categories":[1],"tags":[],"class_list":["post-16400","post","type-post","status-publish","format-standard","has-post-thumbnail","hentry","category-bez-kategorii"],"yoast_head":"<!-- This site is optimized with the Yoast SEO plugin v27.5 - https:\/\/yoast.com\/product\/yoast-seo-wordpress\/ -->\n<title>Pechowa Navarra - Inter Europol Competition<\/title>\n<meta name=\"robots\" content=\"index, follow, max-snippet:-1, max-image-preview:large, max-video-preview:-1\" \/>\n<link rel=\"canonical\" href=\"https:\/\/intereuropolcompetition.eu\/pl\/unlucky-navarra\/\" \/>\n<meta property=\"og:locale\" content=\"pl_PL\" \/>\n<meta property=\"og:type\" content=\"article\" \/>\n<meta property=\"og:title\" content=\"Pechowa Navarra - Inter Europol Competition\" \/>\n<meta property=\"og:description\" content=\"Nawet z mocn\u0105 ekip\u0105, potrzebne jest troch\u0119 szcz\u0119\u015bcia. A tego zdecydowanie zabrak\u0142o zespo\u0142owi Inter Europol Competition podczas tegorocznego 6-godzinnego wy\u015bcigu VdeV w Navarze (Hiszpania). Martin Hippe, regularny kierowca ELMS, do\u0142\u0105czy\u0142 do Kuby \u015amiechowskiego i Pontusa Fredricssona w LMP3 #22. Paul Scheuschner w bli\u017aniaczym aucie #33 dzieli\u0142 go z m\u0142odym szwajcarskim [&hellip;]\" \/>\n<meta property=\"og:url\" content=\"https:\/\/intereuropolcompetition.eu\/pl\/unlucky-navarra\/\" \/>\n<meta property=\"og:site_name\" content=\"Inter Europol Competition\" \/>\n<meta property=\"article:publisher\" content=\"https:\/\/www.facebook.com\/InterEuropolCompetition\" \/>\n<meta property=\"article:published_time\" content=\"2018-09-01T13:46:10+00:00\" \/>\n<meta property=\"article:modified_time\" content=\"2024-01-15T18:07:10+00:00\" \/>\n<meta property=\"og:image\" content=\"https:\/\/intereuropolcompetition.eu\/wp-content\/uploads\/2018\/10\/1.09.20.jpg\" \/>\n\t<meta property=\"og:image:width\" content=\"1024\" \/>\n\t<meta property=\"og:image:height\" content=\"681\" \/>\n\t<meta property=\"og:image:type\" content=\"image\/jpeg\" \/>\n<meta name=\"author\" content=\"Julia Wr\u00f3bel\" \/>\n<meta name=\"twitter:card\" content=\"summary_large_image\" \/>\n<meta name=\"twitter:creator\" content=\"@IE_Competition\" \/>\n<meta name=\"twitter:site\" content=\"@IE_Competition\" \/>\n<meta name=\"twitter:label1\" content=\"Napisane przez\" \/>\n\t<meta name=\"twitter:data1\" content=\"Julia Wr\u00f3bel\" \/>\n\t<meta name=\"twitter:label2\" content=\"Szacowany czas czytania\" \/>\n\t<meta name=\"twitter:data2\" content=\"3 minuty\" \/>\n<script type=\"application\/ld+json\" class=\"yoast-schema-graph\">{\"@context\":\"https:\\\/\\\/schema.org\",\"@graph\":[{\"@type\":\"Article\",\"@id\":\"https:\\\/\\\/intereuropolcompetition.eu\\\/unlucky-navarra\\\/#article\",\"isPartOf\":{\"@id\":\"https:\\\/\\\/intereuropolcompetition.eu\\\/unlucky-navarra\\\/\"},\"author\":{\"name\":\"Julia Wr\u00f3bel\",\"@id\":\"https:\\\/\\\/intereuropolcompetition.eu\\\/#\\\/schema\\\/person\\\/d453b01d0bf12cd0e445e5a7c3a268df\"},\"headline\":\"Pechowa Navarra\",\"datePublished\":\"2018-09-01T13:46:10+00:00\",\"dateModified\":\"2024-01-15T18:07:10+00:00\",\"mainEntityOfPage\":{\"@id\":\"https:\\\/\\\/intereuropolcompetition.eu\\\/unlucky-navarra\\\/\"},\"wordCount\":906,\"commentCount\":0,\"image\":{\"@id\":\"https:\\\/\\\/intereuropolcompetition.eu\\\/unlucky-navarra\\\/#primaryimage\"},\"thumbnailUrl\":\"https:\\\/\\\/intereuropolcompetition.eu\\\/wp-content\\\/uploads\\\/2018\\\/10\\\/1.09.20.jpg\",\"inLanguage\":\"pl-PL\",\"potentialAction\":[{\"@type\":\"CommentAction\",\"name\":\"Comment\",\"target\":[\"https:\\\/\\\/intereuropolcompetition.eu\\\/unlucky-navarra\\\/#respond\"]}]},{\"@type\":\"WebPage\",\"@id\":\"https:\\\/\\\/intereuropolcompetition.eu\\\/pl\\\/unlucky-navarra\\\/\",\"url\":\"https:\\\/\\\/intereuropolcompetition.eu\\\/pl\\\/unlucky-navarra\\\/\",\"name\":\"Pechowa Navarra - Inter Europol Competition\",\"isPartOf\":{\"@id\":\"https:\\\/\\\/intereuropolcompetition.eu\\\/pl\\\/#website\"},\"primaryImageOfPage\":{\"@id\":\"https:\\\/\\\/intereuropolcompetition.eu\\\/pl\\\/unlucky-navarra\\\/#primaryimage\"},\"image\":{\"@id\":\"https:\\\/\\\/intereuropolcompetition.eu\\\/unlucky-navarra\\\/#primaryimage\"},\"thumbnailUrl\":\"https:\\\/\\\/intereuropolcompetition.eu\\\/wp-content\\\/uploads\\\/2018\\\/10\\\/1.09.20.jpg\",\"datePublished\":\"2018-09-01T13:46:10+00:00\",\"dateModified\":\"2024-01-15T18:07:10+00:00\",\"author\":{\"@id\":\"https:\\\/\\\/intereuropolcompetition.eu\\\/#\\\/schema\\\/person\\\/d453b01d0bf12cd0e445e5a7c3a268df\"},\"breadcrumb\":{\"@id\":\"https:\\\/\\\/intereuropolcompetition.eu\\\/pl\\\/unlucky-navarra\\\/#breadcrumb\"},\"inLanguage\":\"pl-PL\",\"potentialAction\":[{\"@type\":\"ReadAction\",\"target\":[[\"https:\\\/\\\/intereuropolcompetition.eu\\\/pl\\\/unlucky-navarra\\\/\"]]}]},{\"@type\":\"ImageObject\",\"inLanguage\":\"pl-PL\",\"@id\":\"https:\\\/\\\/intereuropolcompetition.eu\\\/pl\\\/unlucky-navarra\\\/#primaryimage\",\"url\":\"https:\\\/\\\/intereuropolcompetition.eu\\\/wp-content\\\/uploads\\\/2018\\\/10\\\/1.09.20.jpg\",\"contentUrl\":\"https:\\\/\\\/intereuropolcompetition.eu\\\/wp-content\\\/uploads\\\/2018\\\/10\\\/1.09.20.jpg\",\"width\":1024,\"height\":681},{\"@type\":\"BreadcrumbList\",\"@id\":\"https:\\\/\\\/intereuropolcompetition.eu\\\/pl\\\/unlucky-navarra\\\/#breadcrumb\",\"itemListElement\":[{\"@type\":\"ListItem\",\"position\":1,\"name\":\"Home\",\"item\":\"https:\\\/\\\/intereuropolcompetition.eu\\\/pl\\\/\"},{\"@type\":\"ListItem\",\"position\":2,\"name\":\"Pechowa Navarra\"}]},{\"@type\":\"WebSite\",\"@id\":\"https:\\\/\\\/intereuropolcompetition.eu\\\/pl\\\/#website\",\"url\":\"https:\\\/\\\/intereuropolcompetition.eu\\\/pl\\\/\",\"name\":\"Inter Europol Competition\",\"description\":\"Mi\u0119dzynarodowy zesp\u00f3\u0142 bior\u0105cy udzia\u0142 wy\u015bcigach serii VdeV, ELMS i BOSS GP\",\"potentialAction\":[{\"@type\":\"SearchAction\",\"target\":{\"@type\":\"EntryPoint\",\"urlTemplate\":\"https:\\\/\\\/intereuropolcompetition.eu\\\/pl\\\/?s={search_term_string}\"},\"query-input\":{\"@type\":\"PropertyValueSpecification\",\"valueRequired\":true,\"valueName\":\"search_term_string\"}}],\"inLanguage\":\"pl-PL\"},{\"@type\":\"Person\",\"@id\":\"https:\\\/\\\/intereuropolcompetition.eu\\\/#\\\/schema\\\/person\\\/d453b01d0bf12cd0e445e5a7c3a268df\",\"name\":\"Julia Wr\u00f3bel\",\"image\":{\"@type\":\"ImageObject\",\"inLanguage\":\"pl-PL\",\"@id\":\"https:\\\/\\\/secure.gravatar.com\\\/avatar\\\/6e8a97a41e2716729d2a0f5fc3d42c4b3e8b2f4711057b424f47a089006f0d3e?s=96&d=blank&r=g\",\"url\":\"https:\\\/\\\/secure.gravatar.com\\\/avatar\\\/6e8a97a41e2716729d2a0f5fc3d42c4b3e8b2f4711057b424f47a089006f0d3e?s=96&d=blank&r=g\",\"contentUrl\":\"https:\\\/\\\/secure.gravatar.com\\\/avatar\\\/6e8a97a41e2716729d2a0f5fc3d42c4b3e8b2f4711057b424f47a089006f0d3e?s=96&d=blank&r=g\",\"caption\":\"Julia Wr\u00f3bel\"},\"url\":\"https:\\\/\\\/intereuropolcompetition.eu\\\/pl\\\/author\\\/jwrobel\\\/\"}]}<\/script>\n<!-- \/ Yoast SEO plugin. -->","yoast_head_json":{"title":"Pechowa Navarra - Inter Europol Competition","robots":{"index":"index","follow":"follow","max-snippet":"max-snippet:-1","max-image-preview":"max-image-preview:large","max-video-preview":"max-video-preview:-1"},"canonical":"https:\/\/intereuropolcompetition.eu\/pl\/unlucky-navarra\/","og_locale":"pl_PL","og_type":"article","og_title":"Pechowa Navarra - Inter Europol Competition","og_description":"Nawet z mocn\u0105 ekip\u0105, potrzebne jest troch\u0119 szcz\u0119\u015bcia. A tego zdecydowanie zabrak\u0142o zespo\u0142owi Inter Europol Competition podczas tegorocznego 6-godzinnego wy\u015bcigu VdeV w Navarze (Hiszpania). Martin Hippe, regularny kierowca ELMS, do\u0142\u0105czy\u0142 do Kuby \u015amiechowskiego i Pontusa Fredricssona w LMP3 #22. Paul Scheuschner w bli\u017aniaczym aucie #33 dzieli\u0142 go z m\u0142odym szwajcarskim [&hellip;]","og_url":"https:\/\/intereuropolcompetition.eu\/pl\/unlucky-navarra\/","og_site_name":"Inter Europol Competition","article_publisher":"https:\/\/www.facebook.com\/InterEuropolCompetition","article_published_time":"2018-09-01T13:46:10+00:00","article_modified_time":"2024-01-15T18:07:10+00:00","og_image":[{"width":1024,"height":681,"url":"https:\/\/intereuropolcompetition.eu\/wp-content\/uploads\/2018\/10\/1.09.20.jpg","type":"image\/jpeg"}],"author":"Julia Wr\u00f3bel","twitter_card":"summary_large_image","twitter_creator":"@IE_Competition","twitter_site":"@IE_Competition","twitter_misc":{"Napisane przez":"Julia Wr\u00f3bel","Szacowany czas czytania":"3 minuty"},"schema":{"@context":"https:\/\/schema.org","@graph":[{"@type":"Article","@id":"https:\/\/intereuropolcompetition.eu\/unlucky-navarra\/#article","isPartOf":{"@id":"https:\/\/intereuropolcompetition.eu\/unlucky-navarra\/"},"author":{"name":"Julia Wr\u00f3bel","@id":"https:\/\/intereuropolcompetition.eu\/#\/schema\/person\/d453b01d0bf12cd0e445e5a7c3a268df"},"headline":"Pechowa Navarra","datePublished":"2018-09-01T13:46:10+00:00","dateModified":"2024-01-15T18:07:10+00:00","mainEntityOfPage":{"@id":"https:\/\/intereuropolcompetition.eu\/unlucky-navarra\/"},"wordCount":906,"commentCount":0,"image":{"@id":"https:\/\/intereuropolcompetition.eu\/unlucky-navarra\/#primaryimage"},"thumbnailUrl":"https:\/\/intereuropolcompetition.eu\/wp-content\/uploads\/2018\/10\/1.09.20.jpg","inLanguage":"pl-PL","potentialAction":[{"@type":"CommentAction","name":"Comment","target":["https:\/\/intereuropolcompetition.eu\/unlucky-navarra\/#respond"]}]},{"@type":"WebPage","@id":"https:\/\/intereuropolcompetition.eu\/pl\/unlucky-navarra\/","url":"https:\/\/intereuropolcompetition.eu\/pl\/unlucky-navarra\/","name":"Pechowa Navarra - Inter Europol Competition","isPartOf":{"@id":"https:\/\/intereuropolcompetition.eu\/pl\/#website"},"primaryImageOfPage":{"@id":"https:\/\/intereuropolcompetition.eu\/pl\/unlucky-navarra\/#primaryimage"},"image":{"@id":"https:\/\/intereuropolcompetition.eu\/unlucky-navarra\/#primaryimage"},"thumbnailUrl":"https:\/\/intereuropolcompetition.eu\/wp-content\/uploads\/2018\/10\/1.09.20.jpg","datePublished":"2018-09-01T13:46:10+00:00","dateModified":"2024-01-15T18:07:10+00:00","author":{"@id":"https:\/\/intereuropolcompetition.eu\/#\/schema\/person\/d453b01d0bf12cd0e445e5a7c3a268df"},"breadcrumb":{"@id":"https:\/\/intereuropolcompetition.eu\/pl\/unlucky-navarra\/#breadcrumb"},"inLanguage":"pl-PL","potentialAction":[{"@type":"ReadAction","target":[["https:\/\/intereuropolcompetition.eu\/pl\/unlucky-navarra\/"]]}]},{"@type":"ImageObject","inLanguage":"pl-PL","@id":"https:\/\/intereuropolcompetition.eu\/pl\/unlucky-navarra\/#primaryimage","url":"https:\/\/intereuropolcompetition.eu\/wp-content\/uploads\/2018\/10\/1.09.20.jpg","contentUrl":"https:\/\/intereuropolcompetition.eu\/wp-content\/uploads\/2018\/10\/1.09.20.jpg","width":1024,"height":681},{"@type":"BreadcrumbList","@id":"https:\/\/intereuropolcompetition.eu\/pl\/unlucky-navarra\/#breadcrumb","itemListElement":[{"@type":"ListItem","position":1,"name":"Home","item":"https:\/\/intereuropolcompetition.eu\/pl\/"},{"@type":"ListItem","position":2,"name":"Pechowa Navarra"}]},{"@type":"WebSite","@id":"https:\/\/intereuropolcompetition.eu\/pl\/#website","url":"https:\/\/intereuropolcompetition.eu\/pl\/","name":"Inter Europol Competition","description":"Mi\u0119dzynarodowy zesp\u00f3\u0142 bior\u0105cy udzia\u0142 wy\u015bcigach serii VdeV, ELMS i BOSS GP","potentialAction":[{"@type":"SearchAction","target":{"@type":"EntryPoint","urlTemplate":"https:\/\/intereuropolcompetition.eu\/pl\/?s={search_term_string}"},"query-input":{"@type":"PropertyValueSpecification","valueRequired":true,"valueName":"search_term_string"}}],"inLanguage":"pl-PL"},{"@type":"Person","@id":"https:\/\/intereuropolcompetition.eu\/#\/schema\/person\/d453b01d0bf12cd0e445e5a7c3a268df","name":"Julia Wr\u00f3bel","image":{"@type":"ImageObject","inLanguage":"pl-PL","@id":"https:\/\/secure.gravatar.com\/avatar\/6e8a97a41e2716729d2a0f5fc3d42c4b3e8b2f4711057b424f47a089006f0d3e?s=96&d=blank&r=g","url":"https:\/\/secure.gravatar.com\/avatar\/6e8a97a41e2716729d2a0f5fc3d42c4b3e8b2f4711057b424f47a089006f0d3e?s=96&d=blank&r=g","contentUrl":"https:\/\/secure.gravatar.com\/avatar\/6e8a97a41e2716729d2a0f5fc3d42c4b3e8b2f4711057b424f47a089006f0d3e?s=96&d=blank&r=g","caption":"Julia Wr\u00f3bel"},"url":"https:\/\/intereuropolcompetition.eu\/pl\/author\/jwrobel\/"}]}},"_links":{"self":[{"href":"https:\/\/intereuropolcompetition.eu\/pl\/wp-json\/wp\/v2\/posts\/16400","targetHints":{"allow":["GET"]}}],"collection":[{"href":"https:\/\/intereuropolcompetition.eu\/pl\/wp-json\/wp\/v2\/posts"}],"about":[{"href":"https:\/\/intereuropolcompetition.eu\/pl\/wp-json\/wp\/v2\/types\/post"}],"author":[{"embeddable":true,"href":"https:\/\/intereuropolcompetition.eu\/pl\/wp-json\/wp\/v2\/users\/9"}],"replies":[{"embeddable":true,"href":"https:\/\/intereuropolcompetition.eu\/pl\/wp-json\/wp\/v2\/comments?post=16400"}],"version-history":[{"count":1,"href":"https:\/\/intereuropolcompetition.eu\/pl\/wp-json\/wp\/v2\/posts\/16400\/revisions"}],"predecessor-version":[{"id":16410,"href":"https:\/\/intereuropolcompetition.eu\/pl\/wp-json\/wp\/v2\/posts\/16400\/revisions\/16410"}],"wp:featuredmedia":[{"embeddable":true,"href":"https:\/\/intereuropolcompetition.eu\/pl\/wp-json\/wp\/v2\/media\/16593"}],"wp:attachment":[{"href":"https:\/\/intereuropolcompetition.eu\/pl\/wp-json\/wp\/v2\/media?parent=16400"}],"wp:term":[{"taxonomy":"category","embeddable":true,"href":"https:\/\/intereuropolcompetition.eu\/pl\/wp-json\/wp\/v2\/categories?post=16400"},{"taxonomy":"post_tag","embeddable":true,"href":"https:\/\/intereuropolcompetition.eu\/pl\/wp-json\/wp\/v2\/tags?post=16400"}],"curies":[{"name":"wp","href":"https:\/\/api.w.org\/{rel}","templated":true}]}}