{"id":16264,"date":"2019-11-05T12:10:16","date_gmt":"2019-11-05T11:10:16","guid":{"rendered":"https:\/\/test2.intereuropolcompetition.eu\/?p=3213"},"modified":"2024-01-15T18:35:56","modified_gmt":"2024-01-15T17:35:56","slug":"beche-and-winslow-join-smiechowski-2","status":"publish","type":"post","link":"https:\/\/intereuropolcompetition.eu\/pl\/beche-and-winslow-join-smiechowski-2\/","title":{"rendered":"Beche i Winslow do\u0142\u0105cz\u0105 do \u015amiechowskiego"},"content":{"rendered":"<p>Kuba \u015amiechowski b\u0119dzie dzieli\u0142 LMP2 #34 z Mathiasem Beche i Jamesem Winslowem podczas sezonu 2019-2020 Asian Le Mans Series.<\/p>\n<p>&nbsp;<\/p>\n<p>Mathias Beche: &#8222;Jestem zadowolony z kontynuowania wsp\u00f3\u0142pracy i rozwoju z zespo\u0142em. Jestem pewien, \u017ce idziemy w dobrym kierunku. Ciesz\u0119 si\u0119, \u017ce b\u0119d\u0119 je\u017adzi\u0142 z Kub\u0105, kt\u00f3ry ma potencja\u0142 by\u0107 jednym z najszybszych srebrnych kierowc\u00f3w i z Jamesem, z kt\u00f3rym ju\u017c razem wygrywa\u0142em w Azji. Cel jest bardzo prosty, chcemy wygra\u0107 te mistrzostwa i damy z siebie wszystko \u017ceby to osi\u0105gn\u0105\u0107.<\/p>\n<p>&nbsp;<\/p>\n<p>James Winslow: &#8222;To wielka przyjemno\u015b\u0107 do\u0142\u0105czy\u0107 do zespo\u0142u Inter Europol Competition. Zacz\u0105\u0142em swoj\u0105 przygod\u0119 z nimi podczas tegorocznego Le Mans 24h i bardzo dobrze razem wsp\u00f3\u0142pracowali\u015bmy. Jestem podekscytowany, \u017ce b\u0119d\u0119 dzieli\u0142 samoch\u00f3d z Kub\u0105 po dobrym wyst\u0119pie w Le Mans i Mathiasem, kt\u00f3rego znam bardzo dobrze , i z kt\u00f3rym pozna\u0142em ju\u017c smak zwyci\u0119stwa. Asian Le Mans Series wygl\u0105da znowu bardzo mocno w tym roku i ciesz\u0119 si\u0119 z do\u0142\u0105czenia do serii australijskiej rundy w &#8222;The Bend Motorport Park&#8221;. Jest to tor bliski mojemu sercu i jeden z moich ulubionych. Jestem \u015bwiadomy wyzwania jakie nas czeka, ale z mocnym zespo\u0142em u mojego boku wiem, \u017ce mo\u017cemy du\u017co osi\u0105gn\u0105\u0107.&#8221;<\/p>\n<p>&nbsp;<\/p>\n<p>Sascha Fassbender (menad\u017cer zespo\u0142u): &#8222;Bardzo dobrze mie\u0107 zesp\u00f3\u0142 kierowc\u00f3w, kt\u00f3ry tak dobrze si\u0119 ze sob\u0105 dogaduje jak Mathias, James i Kuba. Ca\u0142a tr\u00f3jka ma szybko\u015b\u0107 i ducha walki, kt\u00f3ry pozwoli im walczy\u0107 o z\u0142oto.&#8221;<\/p>","protected":false},"excerpt":{"rendered":"<p>Kuba \u015amiechowski b\u0119dzie dzieli\u0142 LMP2 #34 z Mathiasem Beche i Jamesem Winslowem podczas sezonu 2019-2020 Asian Le Mans Series. &nbsp; Mathias Beche: &#8222;Jestem zadowolony z kontynuowania wsp\u00f3\u0142pracy i rozwoju z zespo\u0142em. Jestem pewien, \u017ce idziemy w dobrym kierunku. Ciesz\u0119 si\u0119, \u017ce b\u0119d\u0119 je\u017adzi\u0142 z Kub\u0105, kt\u00f3ry ma potencja\u0142 by\u0107 jednym [&hellip;]<\/p>\n","protected":false},"author":3,"featured_media":16487,"comment_status":"open","ping_status":"open","sticky":false,"template":"","format":"standard","meta":{"footnotes":""},"categories":[50],"tags":[],"class_list":["post-16264","post","type-post","status-publish","format-standard","has-post-thumbnail","hentry","category-news"],"yoast_head":"<!-- This site is optimized with the Yoast SEO plugin v27.5 - https:\/\/yoast.com\/product\/yoast-seo-wordpress\/ -->\n<title>Beche i Winslow do\u0142\u0105cz\u0105 do \u015amiechowskiego - Inter Europol Competition<\/title>\n<meta name=\"robots\" content=\"index, follow, max-snippet:-1, max-image-preview:large, max-video-preview:-1\" \/>\n<link rel=\"canonical\" href=\"https:\/\/intereuropolcompetition.eu\/pl\/beche-and-winslow-join-smiechowski-2\/\" \/>\n<meta property=\"og:locale\" content=\"pl_PL\" \/>\n<meta property=\"og:type\" content=\"article\" \/>\n<meta property=\"og:title\" content=\"Beche i Winslow do\u0142\u0105cz\u0105 do \u015amiechowskiego - Inter Europol Competition\" \/>\n<meta property=\"og:description\" content=\"Kuba \u015amiechowski b\u0119dzie dzieli\u0142 LMP2 #34 z Mathiasem Beche i Jamesem Winslowem podczas sezonu 2019-2020 Asian Le Mans Series. &nbsp; Mathias Beche: &#8222;Jestem zadowolony z kontynuowania wsp\u00f3\u0142pracy i rozwoju z zespo\u0142em. Jestem pewien, \u017ce idziemy w dobrym kierunku. Ciesz\u0119 si\u0119, \u017ce b\u0119d\u0119 je\u017adzi\u0142 z Kub\u0105, kt\u00f3ry ma potencja\u0142 by\u0107 jednym [&hellip;]\" \/>\n<meta property=\"og:url\" content=\"https:\/\/intereuropolcompetition.eu\/pl\/beche-and-winslow-join-smiechowski-2\/\" \/>\n<meta property=\"og:site_name\" content=\"Inter Europol Competition\" \/>\n<meta property=\"article:publisher\" content=\"https:\/\/www.facebook.com\/InterEuropolCompetition\" \/>\n<meta property=\"article:published_time\" content=\"2019-11-05T11:10:16+00:00\" \/>\n<meta property=\"article:modified_time\" content=\"2024-01-15T17:35:56+00:00\" \/>\n<meta property=\"og:image\" content=\"https:\/\/intereuropolcompetition.eu\/wp-content\/uploads\/2019\/12\/05.11.19.jpg\" \/>\n\t<meta property=\"og:image:width\" content=\"1024\" \/>\n\t<meta property=\"og:image:height\" content=\"683\" \/>\n\t<meta property=\"og:image:type\" content=\"image\/jpeg\" \/>\n<meta name=\"author\" content=\"Cara de Vlaming\" \/>\n<meta name=\"twitter:card\" content=\"summary_large_image\" \/>\n<meta name=\"twitter:creator\" content=\"@IE_Competition\" \/>\n<meta name=\"twitter:site\" content=\"@IE_Competition\" \/>\n<meta name=\"twitter:label1\" content=\"Napisane przez\" \/>\n\t<meta name=\"twitter:data1\" content=\"Cara de Vlaming\" \/>\n\t<meta name=\"twitter:label2\" content=\"Szacowany czas czytania\" \/>\n\t<meta name=\"twitter:data2\" content=\"2 minuty\" \/>\n<script type=\"application\/ld+json\" class=\"yoast-schema-graph\">{\"@context\":\"https:\\\/\\\/schema.org\",\"@graph\":[{\"@type\":\"Article\",\"@id\":\"https:\\\/\\\/intereuropolcompetition.eu\\\/beche-and-winslow-join-smiechowski-2\\\/#article\",\"isPartOf\":{\"@id\":\"https:\\\/\\\/intereuropolcompetition.eu\\\/beche-and-winslow-join-smiechowski-2\\\/\"},\"author\":{\"name\":\"Cara de Vlaming\",\"@id\":\"https:\\\/\\\/intereuropolcompetition.eu\\\/#\\\/schema\\\/person\\\/459947d960a8e158dfc7cd9cc7220259\"},\"headline\":\"Beche i Winslow do\u0142\u0105cz\u0105 do \u015amiechowskiego\",\"datePublished\":\"2019-11-05T11:10:16+00:00\",\"dateModified\":\"2024-01-15T17:35:56+00:00\",\"mainEntityOfPage\":{\"@id\":\"https:\\\/\\\/intereuropolcompetition.eu\\\/beche-and-winslow-join-smiechowski-2\\\/\"},\"wordCount\":523,\"commentCount\":0,\"image\":{\"@id\":\"https:\\\/\\\/intereuropolcompetition.eu\\\/beche-and-winslow-join-smiechowski-2\\\/#primaryimage\"},\"thumbnailUrl\":\"https:\\\/\\\/intereuropolcompetition.eu\\\/wp-content\\\/uploads\\\/2019\\\/12\\\/05.11.19.jpg\",\"articleSection\":[\"News\"],\"inLanguage\":\"pl-PL\",\"potentialAction\":[{\"@type\":\"CommentAction\",\"name\":\"Comment\",\"target\":[\"https:\\\/\\\/intereuropolcompetition.eu\\\/beche-and-winslow-join-smiechowski-2\\\/#respond\"]}]},{\"@type\":\"WebPage\",\"@id\":\"https:\\\/\\\/intereuropolcompetition.eu\\\/pl\\\/beche-and-winslow-join-smiechowski-2\\\/\",\"url\":\"https:\\\/\\\/intereuropolcompetition.eu\\\/pl\\\/beche-and-winslow-join-smiechowski-2\\\/\",\"name\":\"Beche i Winslow do\u0142\u0105cz\u0105 do \u015amiechowskiego - Inter Europol Competition\",\"isPartOf\":{\"@id\":\"https:\\\/\\\/intereuropolcompetition.eu\\\/pl\\\/#website\"},\"primaryImageOfPage\":{\"@id\":\"https:\\\/\\\/intereuropolcompetition.eu\\\/pl\\\/beche-and-winslow-join-smiechowski-2\\\/#primaryimage\"},\"image\":{\"@id\":\"https:\\\/\\\/intereuropolcompetition.eu\\\/beche-and-winslow-join-smiechowski-2\\\/#primaryimage\"},\"thumbnailUrl\":\"https:\\\/\\\/intereuropolcompetition.eu\\\/wp-content\\\/uploads\\\/2019\\\/12\\\/05.11.19.jpg\",\"datePublished\":\"2019-11-05T11:10:16+00:00\",\"dateModified\":\"2024-01-15T17:35:56+00:00\",\"author\":{\"@id\":\"https:\\\/\\\/intereuropolcompetition.eu\\\/#\\\/schema\\\/person\\\/459947d960a8e158dfc7cd9cc7220259\"},\"breadcrumb\":{\"@id\":\"https:\\\/\\\/intereuropolcompetition.eu\\\/pl\\\/beche-and-winslow-join-smiechowski-2\\\/#breadcrumb\"},\"inLanguage\":\"pl-PL\",\"potentialAction\":[{\"@type\":\"ReadAction\",\"target\":[[\"https:\\\/\\\/intereuropolcompetition.eu\\\/pl\\\/beche-and-winslow-join-smiechowski-2\\\/\"]]}]},{\"@type\":\"ImageObject\",\"inLanguage\":\"pl-PL\",\"@id\":\"https:\\\/\\\/intereuropolcompetition.eu\\\/pl\\\/beche-and-winslow-join-smiechowski-2\\\/#primaryimage\",\"url\":\"https:\\\/\\\/intereuropolcompetition.eu\\\/wp-content\\\/uploads\\\/2019\\\/12\\\/05.11.19.jpg\",\"contentUrl\":\"https:\\\/\\\/intereuropolcompetition.eu\\\/wp-content\\\/uploads\\\/2019\\\/12\\\/05.11.19.jpg\",\"width\":1024,\"height\":683},{\"@type\":\"BreadcrumbList\",\"@id\":\"https:\\\/\\\/intereuropolcompetition.eu\\\/pl\\\/beche-and-winslow-join-smiechowski-2\\\/#breadcrumb\",\"itemListElement\":[{\"@type\":\"ListItem\",\"position\":1,\"name\":\"Home\",\"item\":\"https:\\\/\\\/intereuropolcompetition.eu\\\/pl\\\/\"},{\"@type\":\"ListItem\",\"position\":2,\"name\":\"Beche i Winslow do\u0142\u0105cz\u0105 do \u015amiechowskiego\"}]},{\"@type\":\"WebSite\",\"@id\":\"https:\\\/\\\/intereuropolcompetition.eu\\\/pl\\\/#website\",\"url\":\"https:\\\/\\\/intereuropolcompetition.eu\\\/pl\\\/\",\"name\":\"Inter Europol Competition\",\"description\":\"Mi\u0119dzynarodowy zesp\u00f3\u0142 bior\u0105cy udzia\u0142 wy\u015bcigach serii VdeV, ELMS i BOSS GP\",\"potentialAction\":[{\"@type\":\"SearchAction\",\"target\":{\"@type\":\"EntryPoint\",\"urlTemplate\":\"https:\\\/\\\/intereuropolcompetition.eu\\\/pl\\\/?s={search_term_string}\"},\"query-input\":{\"@type\":\"PropertyValueSpecification\",\"valueRequired\":true,\"valueName\":\"search_term_string\"}}],\"inLanguage\":\"pl-PL\"},{\"@type\":\"Person\",\"@id\":\"https:\\\/\\\/intereuropolcompetition.eu\\\/#\\\/schema\\\/person\\\/459947d960a8e158dfc7cd9cc7220259\",\"name\":\"Cara de Vlaming\",\"image\":{\"@type\":\"ImageObject\",\"inLanguage\":\"pl-PL\",\"@id\":\"https:\\\/\\\/secure.gravatar.com\\\/avatar\\\/a48d60d0527b0a93011938faad782523447753d583c3267028c12cccd8330afe?s=96&d=blank&r=g\",\"url\":\"https:\\\/\\\/secure.gravatar.com\\\/avatar\\\/a48d60d0527b0a93011938faad782523447753d583c3267028c12cccd8330afe?s=96&d=blank&r=g\",\"contentUrl\":\"https:\\\/\\\/secure.gravatar.com\\\/avatar\\\/a48d60d0527b0a93011938faad782523447753d583c3267028c12cccd8330afe?s=96&d=blank&r=g\",\"caption\":\"Cara de Vlaming\"},\"url\":\"https:\\\/\\\/intereuropolcompetition.eu\\\/pl\\\/author\\\/cara\\\/\"}]}<\/script>\n<!-- \/ Yoast SEO plugin. -->","yoast_head_json":{"title":"Beche i Winslow do\u0142\u0105cz\u0105 do \u015amiechowskiego - Inter Europol Competition","robots":{"index":"index","follow":"follow","max-snippet":"max-snippet:-1","max-image-preview":"max-image-preview:large","max-video-preview":"max-video-preview:-1"},"canonical":"https:\/\/intereuropolcompetition.eu\/pl\/beche-and-winslow-join-smiechowski-2\/","og_locale":"pl_PL","og_type":"article","og_title":"Beche i Winslow do\u0142\u0105cz\u0105 do \u015amiechowskiego - Inter Europol Competition","og_description":"Kuba \u015amiechowski b\u0119dzie dzieli\u0142 LMP2 #34 z Mathiasem Beche i Jamesem Winslowem podczas sezonu 2019-2020 Asian Le Mans Series. &nbsp; Mathias Beche: &#8222;Jestem zadowolony z kontynuowania wsp\u00f3\u0142pracy i rozwoju z zespo\u0142em. Jestem pewien, \u017ce idziemy w dobrym kierunku. Ciesz\u0119 si\u0119, \u017ce b\u0119d\u0119 je\u017adzi\u0142 z Kub\u0105, kt\u00f3ry ma potencja\u0142 by\u0107 jednym [&hellip;]","og_url":"https:\/\/intereuropolcompetition.eu\/pl\/beche-and-winslow-join-smiechowski-2\/","og_site_name":"Inter Europol Competition","article_publisher":"https:\/\/www.facebook.com\/InterEuropolCompetition","article_published_time":"2019-11-05T11:10:16+00:00","article_modified_time":"2024-01-15T17:35:56+00:00","og_image":[{"width":1024,"height":683,"url":"https:\/\/intereuropolcompetition.eu\/wp-content\/uploads\/2019\/12\/05.11.19.jpg","type":"image\/jpeg"}],"author":"Cara de Vlaming","twitter_card":"summary_large_image","twitter_creator":"@IE_Competition","twitter_site":"@IE_Competition","twitter_misc":{"Napisane przez":"Cara de Vlaming","Szacowany czas czytania":"2 minuty"},"schema":{"@context":"https:\/\/schema.org","@graph":[{"@type":"Article","@id":"https:\/\/intereuropolcompetition.eu\/beche-and-winslow-join-smiechowski-2\/#article","isPartOf":{"@id":"https:\/\/intereuropolcompetition.eu\/beche-and-winslow-join-smiechowski-2\/"},"author":{"name":"Cara de Vlaming","@id":"https:\/\/intereuropolcompetition.eu\/#\/schema\/person\/459947d960a8e158dfc7cd9cc7220259"},"headline":"Beche i Winslow do\u0142\u0105cz\u0105 do \u015amiechowskiego","datePublished":"2019-11-05T11:10:16+00:00","dateModified":"2024-01-15T17:35:56+00:00","mainEntityOfPage":{"@id":"https:\/\/intereuropolcompetition.eu\/beche-and-winslow-join-smiechowski-2\/"},"wordCount":523,"commentCount":0,"image":{"@id":"https:\/\/intereuropolcompetition.eu\/beche-and-winslow-join-smiechowski-2\/#primaryimage"},"thumbnailUrl":"https:\/\/intereuropolcompetition.eu\/wp-content\/uploads\/2019\/12\/05.11.19.jpg","articleSection":["News"],"inLanguage":"pl-PL","potentialAction":[{"@type":"CommentAction","name":"Comment","target":["https:\/\/intereuropolcompetition.eu\/beche-and-winslow-join-smiechowski-2\/#respond"]}]},{"@type":"WebPage","@id":"https:\/\/intereuropolcompetition.eu\/pl\/beche-and-winslow-join-smiechowski-2\/","url":"https:\/\/intereuropolcompetition.eu\/pl\/beche-and-winslow-join-smiechowski-2\/","name":"Beche i Winslow do\u0142\u0105cz\u0105 do \u015amiechowskiego - Inter Europol Competition","isPartOf":{"@id":"https:\/\/intereuropolcompetition.eu\/pl\/#website"},"primaryImageOfPage":{"@id":"https:\/\/intereuropolcompetition.eu\/pl\/beche-and-winslow-join-smiechowski-2\/#primaryimage"},"image":{"@id":"https:\/\/intereuropolcompetition.eu\/beche-and-winslow-join-smiechowski-2\/#primaryimage"},"thumbnailUrl":"https:\/\/intereuropolcompetition.eu\/wp-content\/uploads\/2019\/12\/05.11.19.jpg","datePublished":"2019-11-05T11:10:16+00:00","dateModified":"2024-01-15T17:35:56+00:00","author":{"@id":"https:\/\/intereuropolcompetition.eu\/#\/schema\/person\/459947d960a8e158dfc7cd9cc7220259"},"breadcrumb":{"@id":"https:\/\/intereuropolcompetition.eu\/pl\/beche-and-winslow-join-smiechowski-2\/#breadcrumb"},"inLanguage":"pl-PL","potentialAction":[{"@type":"ReadAction","target":[["https:\/\/intereuropolcompetition.eu\/pl\/beche-and-winslow-join-smiechowski-2\/"]]}]},{"@type":"ImageObject","inLanguage":"pl-PL","@id":"https:\/\/intereuropolcompetition.eu\/pl\/beche-and-winslow-join-smiechowski-2\/#primaryimage","url":"https:\/\/intereuropolcompetition.eu\/wp-content\/uploads\/2019\/12\/05.11.19.jpg","contentUrl":"https:\/\/intereuropolcompetition.eu\/wp-content\/uploads\/2019\/12\/05.11.19.jpg","width":1024,"height":683},{"@type":"BreadcrumbList","@id":"https:\/\/intereuropolcompetition.eu\/pl\/beche-and-winslow-join-smiechowski-2\/#breadcrumb","itemListElement":[{"@type":"ListItem","position":1,"name":"Home","item":"https:\/\/intereuropolcompetition.eu\/pl\/"},{"@type":"ListItem","position":2,"name":"Beche i Winslow do\u0142\u0105cz\u0105 do \u015amiechowskiego"}]},{"@type":"WebSite","@id":"https:\/\/intereuropolcompetition.eu\/pl\/#website","url":"https:\/\/intereuropolcompetition.eu\/pl\/","name":"Inter Europol Competition","description":"Mi\u0119dzynarodowy zesp\u00f3\u0142 bior\u0105cy udzia\u0142 wy\u015bcigach serii VdeV, ELMS i BOSS GP","potentialAction":[{"@type":"SearchAction","target":{"@type":"EntryPoint","urlTemplate":"https:\/\/intereuropolcompetition.eu\/pl\/?s={search_term_string}"},"query-input":{"@type":"PropertyValueSpecification","valueRequired":true,"valueName":"search_term_string"}}],"inLanguage":"pl-PL"},{"@type":"Person","@id":"https:\/\/intereuropolcompetition.eu\/#\/schema\/person\/459947d960a8e158dfc7cd9cc7220259","name":"Cara de Vlaming","image":{"@type":"ImageObject","inLanguage":"pl-PL","@id":"https:\/\/secure.gravatar.com\/avatar\/a48d60d0527b0a93011938faad782523447753d583c3267028c12cccd8330afe?s=96&d=blank&r=g","url":"https:\/\/secure.gravatar.com\/avatar\/a48d60d0527b0a93011938faad782523447753d583c3267028c12cccd8330afe?s=96&d=blank&r=g","contentUrl":"https:\/\/secure.gravatar.com\/avatar\/a48d60d0527b0a93011938faad782523447753d583c3267028c12cccd8330afe?s=96&d=blank&r=g","caption":"Cara de Vlaming"},"url":"https:\/\/intereuropolcompetition.eu\/pl\/author\/cara\/"}]}},"_links":{"self":[{"href":"https:\/\/intereuropolcompetition.eu\/pl\/wp-json\/wp\/v2\/posts\/16264","targetHints":{"allow":["GET"]}}],"collection":[{"href":"https:\/\/intereuropolcompetition.eu\/pl\/wp-json\/wp\/v2\/posts"}],"about":[{"href":"https:\/\/intereuropolcompetition.eu\/pl\/wp-json\/wp\/v2\/types\/post"}],"author":[{"embeddable":true,"href":"https:\/\/intereuropolcompetition.eu\/pl\/wp-json\/wp\/v2\/users\/3"}],"replies":[{"embeddable":true,"href":"https:\/\/intereuropolcompetition.eu\/pl\/wp-json\/wp\/v2\/comments?post=16264"}],"version-history":[{"count":1,"href":"https:\/\/intereuropolcompetition.eu\/pl\/wp-json\/wp\/v2\/posts\/16264\/revisions"}],"predecessor-version":[{"id":16492,"href":"https:\/\/intereuropolcompetition.eu\/pl\/wp-json\/wp\/v2\/posts\/16264\/revisions\/16492"}],"wp:featuredmedia":[{"embeddable":true,"href":"https:\/\/intereuropolcompetition.eu\/pl\/wp-json\/wp\/v2\/media\/16487"}],"wp:attachment":[{"href":"https:\/\/intereuropolcompetition.eu\/pl\/wp-json\/wp\/v2\/media?parent=16264"}],"wp:term":[{"taxonomy":"category","embeddable":true,"href":"https:\/\/intereuropolcompetition.eu\/pl\/wp-json\/wp\/v2\/categories?post=16264"},{"taxonomy":"post_tag","embeddable":true,"href":"https:\/\/intereuropolcompetition.eu\/pl\/wp-json\/wp\/v2\/tags?post=16264"}],"curies":[{"name":"wp","href":"https:\/\/api.w.org\/{rel}","templated":true}]}}