{"id":16246,"date":"2019-06-16T00:48:04","date_gmt":"2019-06-15T22:48:04","guid":{"rendered":"https:\/\/test2.intereuropolcompetition.eu\/?p=3055"},"modified":"2024-01-15T18:48:01","modified_gmt":"2024-01-15T17:48:01","slug":"nine-hours-done-and-keeping-the-pace-2","status":"publish","type":"post","link":"https:\/\/intereuropolcompetition.eu\/pl\/nine-hours-done-and-keeping-the-pace-2\/","title":{"rendered":"Dziewi\u0119\u0107 godzin min\u0119\u0142o i wci\u0105\u017c trzymamy tempo"},"content":{"rendered":"<p>Pierwsze 24h of Le Mans dla zespo\u0142u sta\u0142o si\u0119 faktem. Rozpocz\u0119li\u015bmy wy\u015bcig z 26 pozycji (18 w klasie LMP2). Po jak zawsze imponuj\u0105cych ceremoniach przedstartowych, Kuba \u015amiechowski rozpocz\u0105\u0142 sw\u00f3j pierwszy 24-godzinny wy\u015bcig. Przez pierwsze sze\u015b\u0107 godzin samoch\u00f3d nie sprawia\u0142 \u017cadnych problem\u00f3w.<\/p>\n<p>&nbsp;<\/p>\n<p>Nied\u0142ugo po rozpocz\u0119ciu si\u00f3dmej godziny tylne \u015bwiat\u0142a przesta\u0142y dzia\u0142a\u0107 i Kuba, kt\u00f3ry wr\u00f3ci\u0142 do samochodu po pierwszym przeje\u017adzie Nigela Moore\u2019a, musia\u0142 zjecha\u0107 do boksu na wymian\u0119 tylnego skrzyd\u0142a. Tak naprawd\u0119 zosta\u0142o ono wymienione dwa razy, bo kilka okr\u0105\u017ce\u0144 p\u00f3\u017aniej zosta\u0142o za\u0142o\u017cone naprawione pierwsze skrzyd\u0142o. Z ju\u017c dzia\u0142aj\u0105cymi \u015bwiat\u0142ami, kierownic\u0119 przej\u0105\u0142 James Winslow.<\/p>\n<p>&nbsp;<\/p>\n<p>Zaraz po rozpocz\u0119ciu drugiego stintu przez Jamesa, zaraportowa\u0142 on problemy z kompresorem. Musia\u0142 zjecha\u0107 na wymian\u0119. 18 minut p\u00f3\u017aniej wr\u00f3ci\u0142 na tor. LMP2 #34 zespo\u0142u Inter Europol Competition spad\u0142o na 20 miejsce w LMP2 i 37 w klasyfikacji generalnej.<\/p>\n<p>&nbsp;<\/p>\n<p>Wypowiedzi po pierwszych stintach:<\/p>\n<p>&nbsp;<\/p>\n<p>Nigel Moore: \u201eDobry start do wy\u015bcigu. Wspi\u0119li\u015bmy si\u0119 o kilka miejsc. To wci\u0105\u017c bardzo wczesne stadium wy\u015bcigu i widzieli\u015bmy ju\u017c kilka wypadk\u00f3w, ale my wci\u0105\u017c jedziemy dalej. Samoch\u00f3d sprawuje si\u0119 dobrze, a nasze czasy s\u0105 r\u00f3wnomierne. Nast\u0119pny stint b\u0119dzie dla mnie bardzo d\u0142ugi, ale lubi\u0119 je\u017adzi\u0107 w nocy.\u201d<\/p>\n<p>&nbsp;<\/p>\n<p>James Winslow: \u201eOd kiedy tylko wskoczy\u0142em do auta mia\u0142em ma\u0142e problemy ze skrzyni\u0105 bieg\u00f3w, ale szybko usta\u0142y. Nasze tempo jest dobre i jak na razie wszystko idzie w dobrym kierunku. Trzymam kciuki za reszt\u0119 wy\u015bcigu.\u201d<\/p>\n<p>&nbsp;<\/p>\n<p>Jakub \u015amiechowski: \u201eRozpoczyna\u0107 ten wy\u015bcig by\u0142o czym\u015b wyj\u0105tkowym. Sam nie jestem do ko\u0144ca pewien czego si\u0119 spodziewa\u0142em, ale z pewno\u015bci\u0105 moje oczekiwania zosta\u0142y spe\u0142nione. Samoch\u00f3d prowadzi si\u0119 dobrze, na razie nie mieli\u015bmy \u017cadnych problem\u00f3w. Moje czasy s\u0105 stabilne i jak dot\u0105d czerpie du\u017co przyjemno\u015bci z wy\u015bcigu i ca\u0142ego prze\u017cycia jakim jest Le Mans.\u201d<\/p>","protected":false},"excerpt":{"rendered":"<p>Pierwsze 24h of Le Mans dla zespo\u0142u sta\u0142o si\u0119 faktem. Rozpocz\u0119li\u015bmy wy\u015bcig z 26 pozycji (18 w klasie LMP2). Po jak zawsze imponuj\u0105cych ceremoniach przedstartowych, Kuba \u015amiechowski rozpocz\u0105\u0142 sw\u00f3j pierwszy 24-godzinny wy\u015bcig. Przez pierwsze sze\u015b\u0107 godzin samoch\u00f3d nie sprawia\u0142 \u017cadnych problem\u00f3w. &nbsp; Nied\u0142ugo po rozpocz\u0119ciu si\u00f3dmej godziny tylne \u015bwiat\u0142a przesta\u0142y [&hellip;]<\/p>\n","protected":false},"author":3,"featured_media":16536,"comment_status":"open","ping_status":"open","sticky":false,"template":"","format":"standard","meta":{"footnotes":""},"categories":[50],"tags":[],"class_list":["post-16246","post","type-post","status-publish","format-standard","has-post-thumbnail","hentry","category-news"],"yoast_head":"<!-- This site is optimized with the Yoast SEO plugin v27.5 - https:\/\/yoast.com\/product\/yoast-seo-wordpress\/ -->\n<title>Dziewi\u0119\u0107 godzin min\u0119\u0142o i wci\u0105\u017c trzymamy tempo - Inter Europol Competition<\/title>\n<meta name=\"robots\" content=\"index, follow, max-snippet:-1, max-image-preview:large, max-video-preview:-1\" \/>\n<link rel=\"canonical\" href=\"https:\/\/intereuropolcompetition.eu\/pl\/nine-hours-done-and-keeping-the-pace-2\/\" \/>\n<meta property=\"og:locale\" content=\"pl_PL\" \/>\n<meta property=\"og:type\" content=\"article\" \/>\n<meta property=\"og:title\" content=\"Dziewi\u0119\u0107 godzin min\u0119\u0142o i wci\u0105\u017c trzymamy tempo - Inter Europol Competition\" \/>\n<meta property=\"og:description\" content=\"Pierwsze 24h of Le Mans dla zespo\u0142u sta\u0142o si\u0119 faktem. Rozpocz\u0119li\u015bmy wy\u015bcig z 26 pozycji (18 w klasie LMP2). Po jak zawsze imponuj\u0105cych ceremoniach przedstartowych, Kuba \u015amiechowski rozpocz\u0105\u0142 sw\u00f3j pierwszy 24-godzinny wy\u015bcig. Przez pierwsze sze\u015b\u0107 godzin samoch\u00f3d nie sprawia\u0142 \u017cadnych problem\u00f3w. &nbsp; Nied\u0142ugo po rozpocz\u0119ciu si\u00f3dmej godziny tylne \u015bwiat\u0142a przesta\u0142y [&hellip;]\" \/>\n<meta property=\"og:url\" content=\"https:\/\/intereuropolcompetition.eu\/pl\/nine-hours-done-and-keeping-the-pace-2\/\" \/>\n<meta property=\"og:site_name\" content=\"Inter Europol Competition\" \/>\n<meta property=\"article:publisher\" content=\"https:\/\/www.facebook.com\/InterEuropolCompetition\" \/>\n<meta property=\"article:published_time\" content=\"2019-06-15T22:48:04+00:00\" \/>\n<meta property=\"article:modified_time\" content=\"2024-01-15T17:48:01+00:00\" \/>\n<meta property=\"og:image\" content=\"https:\/\/intereuropolcompetition.eu\/wp-content\/uploads\/2019\/06\/16.06.19-Dziewiec.jpg\" \/>\n\t<meta property=\"og:image:width\" content=\"1024\" \/>\n\t<meta property=\"og:image:height\" content=\"683\" \/>\n\t<meta property=\"og:image:type\" content=\"image\/jpeg\" \/>\n<meta name=\"author\" content=\"Cara de Vlaming\" \/>\n<meta name=\"twitter:card\" content=\"summary_large_image\" \/>\n<meta name=\"twitter:creator\" content=\"@IE_Competition\" \/>\n<meta name=\"twitter:site\" content=\"@IE_Competition\" \/>\n<meta name=\"twitter:label1\" content=\"Napisane przez\" \/>\n\t<meta name=\"twitter:data1\" content=\"Cara de Vlaming\" \/>\n\t<meta name=\"twitter:label2\" content=\"Szacowany czas czytania\" \/>\n\t<meta name=\"twitter:data2\" content=\"2 minuty\" \/>\n<script type=\"application\/ld+json\" class=\"yoast-schema-graph\">{\"@context\":\"https:\\\/\\\/schema.org\",\"@graph\":[{\"@type\":\"Article\",\"@id\":\"https:\\\/\\\/intereuropolcompetition.eu\\\/nine-hours-done-and-keeping-the-pace-2\\\/#article\",\"isPartOf\":{\"@id\":\"https:\\\/\\\/intereuropolcompetition.eu\\\/nine-hours-done-and-keeping-the-pace-2\\\/\"},\"author\":{\"name\":\"Cara de Vlaming\",\"@id\":\"https:\\\/\\\/intereuropolcompetition.eu\\\/#\\\/schema\\\/person\\\/459947d960a8e158dfc7cd9cc7220259\"},\"headline\":\"Dziewi\u0119\u0107 godzin min\u0119\u0142o i wci\u0105\u017c trzymamy tempo\",\"datePublished\":\"2019-06-15T22:48:04+00:00\",\"dateModified\":\"2024-01-15T17:48:01+00:00\",\"mainEntityOfPage\":{\"@id\":\"https:\\\/\\\/intereuropolcompetition.eu\\\/nine-hours-done-and-keeping-the-pace-2\\\/\"},\"wordCount\":648,\"commentCount\":0,\"image\":{\"@id\":\"https:\\\/\\\/intereuropolcompetition.eu\\\/nine-hours-done-and-keeping-the-pace-2\\\/#primaryimage\"},\"thumbnailUrl\":\"https:\\\/\\\/intereuropolcompetition.eu\\\/wp-content\\\/uploads\\\/2019\\\/06\\\/16.06.19-Dziewiec.jpg\",\"articleSection\":[\"News\"],\"inLanguage\":\"pl-PL\",\"potentialAction\":[{\"@type\":\"CommentAction\",\"name\":\"Comment\",\"target\":[\"https:\\\/\\\/intereuropolcompetition.eu\\\/nine-hours-done-and-keeping-the-pace-2\\\/#respond\"]}]},{\"@type\":\"WebPage\",\"@id\":\"https:\\\/\\\/intereuropolcompetition.eu\\\/pl\\\/nine-hours-done-and-keeping-the-pace-2\\\/\",\"url\":\"https:\\\/\\\/intereuropolcompetition.eu\\\/pl\\\/nine-hours-done-and-keeping-the-pace-2\\\/\",\"name\":\"Dziewi\u0119\u0107 godzin min\u0119\u0142o i wci\u0105\u017c trzymamy tempo - Inter Europol Competition\",\"isPartOf\":{\"@id\":\"https:\\\/\\\/intereuropolcompetition.eu\\\/pl\\\/#website\"},\"primaryImageOfPage\":{\"@id\":\"https:\\\/\\\/intereuropolcompetition.eu\\\/pl\\\/nine-hours-done-and-keeping-the-pace-2\\\/#primaryimage\"},\"image\":{\"@id\":\"https:\\\/\\\/intereuropolcompetition.eu\\\/nine-hours-done-and-keeping-the-pace-2\\\/#primaryimage\"},\"thumbnailUrl\":\"https:\\\/\\\/intereuropolcompetition.eu\\\/wp-content\\\/uploads\\\/2019\\\/06\\\/16.06.19-Dziewiec.jpg\",\"datePublished\":\"2019-06-15T22:48:04+00:00\",\"dateModified\":\"2024-01-15T17:48:01+00:00\",\"author\":{\"@id\":\"https:\\\/\\\/intereuropolcompetition.eu\\\/#\\\/schema\\\/person\\\/459947d960a8e158dfc7cd9cc7220259\"},\"breadcrumb\":{\"@id\":\"https:\\\/\\\/intereuropolcompetition.eu\\\/pl\\\/nine-hours-done-and-keeping-the-pace-2\\\/#breadcrumb\"},\"inLanguage\":\"pl-PL\",\"potentialAction\":[{\"@type\":\"ReadAction\",\"target\":[[\"https:\\\/\\\/intereuropolcompetition.eu\\\/pl\\\/nine-hours-done-and-keeping-the-pace-2\\\/\"]]}]},{\"@type\":\"ImageObject\",\"inLanguage\":\"pl-PL\",\"@id\":\"https:\\\/\\\/intereuropolcompetition.eu\\\/pl\\\/nine-hours-done-and-keeping-the-pace-2\\\/#primaryimage\",\"url\":\"https:\\\/\\\/intereuropolcompetition.eu\\\/wp-content\\\/uploads\\\/2019\\\/06\\\/16.06.19-Dziewiec.jpg\",\"contentUrl\":\"https:\\\/\\\/intereuropolcompetition.eu\\\/wp-content\\\/uploads\\\/2019\\\/06\\\/16.06.19-Dziewiec.jpg\",\"width\":1024,\"height\":683},{\"@type\":\"BreadcrumbList\",\"@id\":\"https:\\\/\\\/intereuropolcompetition.eu\\\/pl\\\/nine-hours-done-and-keeping-the-pace-2\\\/#breadcrumb\",\"itemListElement\":[{\"@type\":\"ListItem\",\"position\":1,\"name\":\"Home\",\"item\":\"https:\\\/\\\/intereuropolcompetition.eu\\\/pl\\\/\"},{\"@type\":\"ListItem\",\"position\":2,\"name\":\"Dziewi\u0119\u0107 godzin min\u0119\u0142o i wci\u0105\u017c trzymamy tempo\"}]},{\"@type\":\"WebSite\",\"@id\":\"https:\\\/\\\/intereuropolcompetition.eu\\\/pl\\\/#website\",\"url\":\"https:\\\/\\\/intereuropolcompetition.eu\\\/pl\\\/\",\"name\":\"Inter Europol Competition\",\"description\":\"Mi\u0119dzynarodowy zesp\u00f3\u0142 bior\u0105cy udzia\u0142 wy\u015bcigach serii VdeV, ELMS i BOSS GP\",\"potentialAction\":[{\"@type\":\"SearchAction\",\"target\":{\"@type\":\"EntryPoint\",\"urlTemplate\":\"https:\\\/\\\/intereuropolcompetition.eu\\\/pl\\\/?s={search_term_string}\"},\"query-input\":{\"@type\":\"PropertyValueSpecification\",\"valueRequired\":true,\"valueName\":\"search_term_string\"}}],\"inLanguage\":\"pl-PL\"},{\"@type\":\"Person\",\"@id\":\"https:\\\/\\\/intereuropolcompetition.eu\\\/#\\\/schema\\\/person\\\/459947d960a8e158dfc7cd9cc7220259\",\"name\":\"Cara de Vlaming\",\"image\":{\"@type\":\"ImageObject\",\"inLanguage\":\"pl-PL\",\"@id\":\"https:\\\/\\\/secure.gravatar.com\\\/avatar\\\/a48d60d0527b0a93011938faad782523447753d583c3267028c12cccd8330afe?s=96&d=blank&r=g\",\"url\":\"https:\\\/\\\/secure.gravatar.com\\\/avatar\\\/a48d60d0527b0a93011938faad782523447753d583c3267028c12cccd8330afe?s=96&d=blank&r=g\",\"contentUrl\":\"https:\\\/\\\/secure.gravatar.com\\\/avatar\\\/a48d60d0527b0a93011938faad782523447753d583c3267028c12cccd8330afe?s=96&d=blank&r=g\",\"caption\":\"Cara de Vlaming\"},\"url\":\"https:\\\/\\\/intereuropolcompetition.eu\\\/pl\\\/author\\\/cara\\\/\"}]}<\/script>\n<!-- \/ Yoast SEO plugin. -->","yoast_head_json":{"title":"Dziewi\u0119\u0107 godzin min\u0119\u0142o i wci\u0105\u017c trzymamy tempo - Inter Europol Competition","robots":{"index":"index","follow":"follow","max-snippet":"max-snippet:-1","max-image-preview":"max-image-preview:large","max-video-preview":"max-video-preview:-1"},"canonical":"https:\/\/intereuropolcompetition.eu\/pl\/nine-hours-done-and-keeping-the-pace-2\/","og_locale":"pl_PL","og_type":"article","og_title":"Dziewi\u0119\u0107 godzin min\u0119\u0142o i wci\u0105\u017c trzymamy tempo - Inter Europol Competition","og_description":"Pierwsze 24h of Le Mans dla zespo\u0142u sta\u0142o si\u0119 faktem. Rozpocz\u0119li\u015bmy wy\u015bcig z 26 pozycji (18 w klasie LMP2). Po jak zawsze imponuj\u0105cych ceremoniach przedstartowych, Kuba \u015amiechowski rozpocz\u0105\u0142 sw\u00f3j pierwszy 24-godzinny wy\u015bcig. Przez pierwsze sze\u015b\u0107 godzin samoch\u00f3d nie sprawia\u0142 \u017cadnych problem\u00f3w. &nbsp; Nied\u0142ugo po rozpocz\u0119ciu si\u00f3dmej godziny tylne \u015bwiat\u0142a przesta\u0142y [&hellip;]","og_url":"https:\/\/intereuropolcompetition.eu\/pl\/nine-hours-done-and-keeping-the-pace-2\/","og_site_name":"Inter Europol Competition","article_publisher":"https:\/\/www.facebook.com\/InterEuropolCompetition","article_published_time":"2019-06-15T22:48:04+00:00","article_modified_time":"2024-01-15T17:48:01+00:00","og_image":[{"width":1024,"height":683,"url":"https:\/\/intereuropolcompetition.eu\/wp-content\/uploads\/2019\/06\/16.06.19-Dziewiec.jpg","type":"image\/jpeg"}],"author":"Cara de Vlaming","twitter_card":"summary_large_image","twitter_creator":"@IE_Competition","twitter_site":"@IE_Competition","twitter_misc":{"Napisane przez":"Cara de Vlaming","Szacowany czas czytania":"2 minuty"},"schema":{"@context":"https:\/\/schema.org","@graph":[{"@type":"Article","@id":"https:\/\/intereuropolcompetition.eu\/nine-hours-done-and-keeping-the-pace-2\/#article","isPartOf":{"@id":"https:\/\/intereuropolcompetition.eu\/nine-hours-done-and-keeping-the-pace-2\/"},"author":{"name":"Cara de Vlaming","@id":"https:\/\/intereuropolcompetition.eu\/#\/schema\/person\/459947d960a8e158dfc7cd9cc7220259"},"headline":"Dziewi\u0119\u0107 godzin min\u0119\u0142o i wci\u0105\u017c trzymamy tempo","datePublished":"2019-06-15T22:48:04+00:00","dateModified":"2024-01-15T17:48:01+00:00","mainEntityOfPage":{"@id":"https:\/\/intereuropolcompetition.eu\/nine-hours-done-and-keeping-the-pace-2\/"},"wordCount":648,"commentCount":0,"image":{"@id":"https:\/\/intereuropolcompetition.eu\/nine-hours-done-and-keeping-the-pace-2\/#primaryimage"},"thumbnailUrl":"https:\/\/intereuropolcompetition.eu\/wp-content\/uploads\/2019\/06\/16.06.19-Dziewiec.jpg","articleSection":["News"],"inLanguage":"pl-PL","potentialAction":[{"@type":"CommentAction","name":"Comment","target":["https:\/\/intereuropolcompetition.eu\/nine-hours-done-and-keeping-the-pace-2\/#respond"]}]},{"@type":"WebPage","@id":"https:\/\/intereuropolcompetition.eu\/pl\/nine-hours-done-and-keeping-the-pace-2\/","url":"https:\/\/intereuropolcompetition.eu\/pl\/nine-hours-done-and-keeping-the-pace-2\/","name":"Dziewi\u0119\u0107 godzin min\u0119\u0142o i wci\u0105\u017c trzymamy tempo - Inter Europol Competition","isPartOf":{"@id":"https:\/\/intereuropolcompetition.eu\/pl\/#website"},"primaryImageOfPage":{"@id":"https:\/\/intereuropolcompetition.eu\/pl\/nine-hours-done-and-keeping-the-pace-2\/#primaryimage"},"image":{"@id":"https:\/\/intereuropolcompetition.eu\/nine-hours-done-and-keeping-the-pace-2\/#primaryimage"},"thumbnailUrl":"https:\/\/intereuropolcompetition.eu\/wp-content\/uploads\/2019\/06\/16.06.19-Dziewiec.jpg","datePublished":"2019-06-15T22:48:04+00:00","dateModified":"2024-01-15T17:48:01+00:00","author":{"@id":"https:\/\/intereuropolcompetition.eu\/#\/schema\/person\/459947d960a8e158dfc7cd9cc7220259"},"breadcrumb":{"@id":"https:\/\/intereuropolcompetition.eu\/pl\/nine-hours-done-and-keeping-the-pace-2\/#breadcrumb"},"inLanguage":"pl-PL","potentialAction":[{"@type":"ReadAction","target":[["https:\/\/intereuropolcompetition.eu\/pl\/nine-hours-done-and-keeping-the-pace-2\/"]]}]},{"@type":"ImageObject","inLanguage":"pl-PL","@id":"https:\/\/intereuropolcompetition.eu\/pl\/nine-hours-done-and-keeping-the-pace-2\/#primaryimage","url":"https:\/\/intereuropolcompetition.eu\/wp-content\/uploads\/2019\/06\/16.06.19-Dziewiec.jpg","contentUrl":"https:\/\/intereuropolcompetition.eu\/wp-content\/uploads\/2019\/06\/16.06.19-Dziewiec.jpg","width":1024,"height":683},{"@type":"BreadcrumbList","@id":"https:\/\/intereuropolcompetition.eu\/pl\/nine-hours-done-and-keeping-the-pace-2\/#breadcrumb","itemListElement":[{"@type":"ListItem","position":1,"name":"Home","item":"https:\/\/intereuropolcompetition.eu\/pl\/"},{"@type":"ListItem","position":2,"name":"Dziewi\u0119\u0107 godzin min\u0119\u0142o i wci\u0105\u017c trzymamy tempo"}]},{"@type":"WebSite","@id":"https:\/\/intereuropolcompetition.eu\/pl\/#website","url":"https:\/\/intereuropolcompetition.eu\/pl\/","name":"Inter Europol Competition","description":"Mi\u0119dzynarodowy zesp\u00f3\u0142 bior\u0105cy udzia\u0142 wy\u015bcigach serii VdeV, ELMS i BOSS GP","potentialAction":[{"@type":"SearchAction","target":{"@type":"EntryPoint","urlTemplate":"https:\/\/intereuropolcompetition.eu\/pl\/?s={search_term_string}"},"query-input":{"@type":"PropertyValueSpecification","valueRequired":true,"valueName":"search_term_string"}}],"inLanguage":"pl-PL"},{"@type":"Person","@id":"https:\/\/intereuropolcompetition.eu\/#\/schema\/person\/459947d960a8e158dfc7cd9cc7220259","name":"Cara de Vlaming","image":{"@type":"ImageObject","inLanguage":"pl-PL","@id":"https:\/\/secure.gravatar.com\/avatar\/a48d60d0527b0a93011938faad782523447753d583c3267028c12cccd8330afe?s=96&d=blank&r=g","url":"https:\/\/secure.gravatar.com\/avatar\/a48d60d0527b0a93011938faad782523447753d583c3267028c12cccd8330afe?s=96&d=blank&r=g","contentUrl":"https:\/\/secure.gravatar.com\/avatar\/a48d60d0527b0a93011938faad782523447753d583c3267028c12cccd8330afe?s=96&d=blank&r=g","caption":"Cara de Vlaming"},"url":"https:\/\/intereuropolcompetition.eu\/pl\/author\/cara\/"}]}},"_links":{"self":[{"href":"https:\/\/intereuropolcompetition.eu\/pl\/wp-json\/wp\/v2\/posts\/16246","targetHints":{"allow":["GET"]}}],"collection":[{"href":"https:\/\/intereuropolcompetition.eu\/pl\/wp-json\/wp\/v2\/posts"}],"about":[{"href":"https:\/\/intereuropolcompetition.eu\/pl\/wp-json\/wp\/v2\/types\/post"}],"author":[{"embeddable":true,"href":"https:\/\/intereuropolcompetition.eu\/pl\/wp-json\/wp\/v2\/users\/3"}],"replies":[{"embeddable":true,"href":"https:\/\/intereuropolcompetition.eu\/pl\/wp-json\/wp\/v2\/comments?post=16246"}],"version-history":[{"count":1,"href":"https:\/\/intereuropolcompetition.eu\/pl\/wp-json\/wp\/v2\/posts\/16246\/revisions"}],"predecessor-version":[{"id":16539,"href":"https:\/\/intereuropolcompetition.eu\/pl\/wp-json\/wp\/v2\/posts\/16246\/revisions\/16539"}],"wp:featuredmedia":[{"embeddable":true,"href":"https:\/\/intereuropolcompetition.eu\/pl\/wp-json\/wp\/v2\/media\/16536"}],"wp:attachment":[{"href":"https:\/\/intereuropolcompetition.eu\/pl\/wp-json\/wp\/v2\/media?parent=16246"}],"wp:term":[{"taxonomy":"category","embeddable":true,"href":"https:\/\/intereuropolcompetition.eu\/pl\/wp-json\/wp\/v2\/categories?post=16246"},{"taxonomy":"post_tag","embeddable":true,"href":"https:\/\/intereuropolcompetition.eu\/pl\/wp-json\/wp\/v2\/tags?post=16246"}],"curies":[{"name":"wp","href":"https:\/\/api.w.org\/{rel}","templated":true}]}}