{"id":16242,"date":"2019-06-12T14:17:45","date_gmt":"2019-06-12T12:17:45","guid":{"rendered":"https:\/\/test2.intereuropolcompetition.eu\/?p=3042"},"modified":"2024-01-15T18:48:09","modified_gmt":"2024-01-15T17:48:09","slug":"another-first-for-the-inter-europol-competition-team-2-2","status":"publish","type":"post","link":"https:\/\/intereuropolcompetition.eu\/pl\/another-first-for-the-inter-europol-competition-team-2-2\/","title":{"rendered":"Kolejna nowo\u015b\u0107 dla Inter Europol Competition"},"content":{"rendered":"<p><strong>Inter Europol Competition bierze udzia\u0142 w wy\u015bcigu w Le Mans nie tylko swoim samochodem LMP2, ale r\u00f3wnie\u017c samochodem LMP3 w wy\u015bcigu Road to Le Mans.<\/strong><\/p>\n<p>&nbsp;<\/p>\n<p>Dw\u00f3jka kierowc\u00f3w- d\u017centelmen\u00f3w zespo\u0142u skorzysta\u0142a z okazji wzi\u0119cia udzia\u0142u w wy\u015bcigu Road to Le Mans \u017ceby \u015bciga\u0107 si\u0119 na torze, o kt\u00f3rym marzyli. Philippe Bourgois (BEL) i Simon Phillips (ENG) podziel\u0105 si\u0119 LMP3 #13.<\/p>\n<p>&nbsp;<\/p>\n<p>Phillips jest cz\u0119\u015bci\u0105 zespo\u0142u w Ultimate Cup Series, natomiast Bourgois do\u0142\u0105czy\u0142 w 2017 roku na kilka wy\u015bcig\u00f3w w VdeV.<\/p>\n<p>&nbsp;<\/p>\n<p>Program zawod\u00f3w Road to Le Mans<\/p>\n<p>&nbsp;<\/p>\n<p>\u015aroda 12 czerwca<\/p>\n<p>20.30 \u2013 21.30\u00a0\u00a0\u00a0\u00a0\u00a0\u00a0\u00a0\u00a0\u00a0\u00a0\u00a0\u00a0\u00a0\u00a0\u00a0\u00a0\u00a0\u00a0 Trening 1<\/p>\n<p>Czwartek 13 czerwca<\/p>\n<p>08.30 \u2013 09.30\u00a0\u00a0\u00a0\u00a0\u00a0\u00a0\u00a0\u00a0\u00a0\u00a0\u00a0\u00a0\u00a0\u00a0\u00a0\u00a0\u00a0\u00a0 Trening 2<\/p>\n<p>13.00 \u2013 13.20\u00a0\u00a0\u00a0\u00a0\u00a0\u00a0\u00a0\u00a0\u00a0\u00a0\u00a0\u00a0\u00a0\u00a0\u00a0\u00a0\u00a0\u00a0\u00a0 Kwalifikacje 1<\/p>\n<p>13.35 \u2013 13.55\u00a0\u00a0\u00a0\u00a0\u00a0\u00a0\u00a0\u00a0\u00a0\u00a0\u00a0\u00a0\u00a0\u00a0\u00a0\u00a0\u00a0\u00a0\u00a0\u00a0 Kwalifikacje 2<\/p>\n<p>17.30 \u2013 18.25\u00a0\u00a0\u00a0\u00a0\u00a0\u00a0\u00a0\u00a0\u00a0\u00a0\u00a0\u00a0\u00a0\u00a0\u00a0\u00a0\u00a0 \u00a0\u00a0 Wy\u015bcig 1<\/p>\n<p>Sobota 15 czerwca<\/p>\n<p>11.30 \u2013 12.25\u00a0\u00a0\u00a0\u00a0\u00a0\u00a0\u00a0\u00a0\u00a0\u00a0\u00a0\u00a0\u00a0\u00a0\u00a0\u00a0\u00a0\u00a0\u00a0 Wy\u015bcig 2<\/p>\n<p>&nbsp;<\/p>","protected":false},"excerpt":{"rendered":"<p>Inter Europol Competition bierze udzia\u0142 w wy\u015bcigu w Le Mans nie tylko swoim samochodem LMP2, ale r\u00f3wnie\u017c samochodem LMP3 w wy\u015bcigu Road to Le Mans. &nbsp; Dw\u00f3jka kierowc\u00f3w- d\u017centelmen\u00f3w zespo\u0142u skorzysta\u0142a z okazji wzi\u0119cia udzia\u0142u w wy\u015bcigu Road to Le Mans \u017ceby \u015bciga\u0107 si\u0119 na torze, o kt\u00f3rym marzyli. Philippe [&hellip;]<\/p>\n","protected":false},"author":3,"featured_media":16532,"comment_status":"open","ping_status":"open","sticky":false,"template":"","format":"standard","meta":{"footnotes":""},"categories":[50],"tags":[],"class_list":["post-16242","post","type-post","status-publish","format-standard","has-post-thumbnail","hentry","category-news"],"yoast_head":"<!-- This site is optimized with the Yoast SEO plugin v27.5 - https:\/\/yoast.com\/product\/yoast-seo-wordpress\/ -->\n<title>Kolejna nowo\u015b\u0107 dla Inter Europol Competition - Inter Europol Competition<\/title>\n<meta name=\"robots\" content=\"index, follow, max-snippet:-1, max-image-preview:large, max-video-preview:-1\" \/>\n<link rel=\"canonical\" href=\"https:\/\/intereuropolcompetition.eu\/pl\/another-first-for-the-inter-europol-competition-team-2-2\/\" \/>\n<meta property=\"og:locale\" content=\"pl_PL\" \/>\n<meta property=\"og:type\" content=\"article\" \/>\n<meta property=\"og:title\" content=\"Kolejna nowo\u015b\u0107 dla Inter Europol Competition - Inter Europol Competition\" \/>\n<meta property=\"og:description\" content=\"Inter Europol Competition bierze udzia\u0142 w wy\u015bcigu w Le Mans nie tylko swoim samochodem LMP2, ale r\u00f3wnie\u017c samochodem LMP3 w wy\u015bcigu Road to Le Mans. &nbsp; Dw\u00f3jka kierowc\u00f3w- d\u017centelmen\u00f3w zespo\u0142u skorzysta\u0142a z okazji wzi\u0119cia udzia\u0142u w wy\u015bcigu Road to Le Mans \u017ceby \u015bciga\u0107 si\u0119 na torze, o kt\u00f3rym marzyli. Philippe [&hellip;]\" \/>\n<meta property=\"og:url\" content=\"https:\/\/intereuropolcompetition.eu\/pl\/another-first-for-the-inter-europol-competition-team-2-2\/\" \/>\n<meta property=\"og:site_name\" content=\"Inter Europol Competition\" \/>\n<meta property=\"article:publisher\" content=\"https:\/\/www.facebook.com\/InterEuropolCompetition\" \/>\n<meta property=\"article:published_time\" content=\"2019-06-12T12:17:45+00:00\" \/>\n<meta property=\"article:modified_time\" content=\"2024-01-15T17:48:09+00:00\" \/>\n<meta property=\"og:image\" content=\"https:\/\/intereuropolcompetition.eu\/wp-content\/uploads\/2019\/06\/12.06.19.jpg\" \/>\n\t<meta property=\"og:image:width\" content=\"1024\" \/>\n\t<meta property=\"og:image:height\" content=\"683\" \/>\n\t<meta property=\"og:image:type\" content=\"image\/jpeg\" \/>\n<meta name=\"author\" content=\"Cara de Vlaming\" \/>\n<meta name=\"twitter:card\" content=\"summary_large_image\" \/>\n<meta name=\"twitter:creator\" content=\"@IE_Competition\" \/>\n<meta name=\"twitter:site\" content=\"@IE_Competition\" \/>\n<meta name=\"twitter:label1\" content=\"Napisane przez\" \/>\n\t<meta name=\"twitter:data1\" content=\"Cara de Vlaming\" \/>\n\t<meta name=\"twitter:label2\" content=\"Szacowany czas czytania\" \/>\n\t<meta name=\"twitter:data2\" content=\"1 minuta\" \/>\n<script type=\"application\/ld+json\" class=\"yoast-schema-graph\">{\"@context\":\"https:\\\/\\\/schema.org\",\"@graph\":[{\"@type\":\"Article\",\"@id\":\"https:\\\/\\\/intereuropolcompetition.eu\\\/another-first-for-the-inter-europol-competition-team-2-2\\\/#article\",\"isPartOf\":{\"@id\":\"https:\\\/\\\/intereuropolcompetition.eu\\\/another-first-for-the-inter-europol-competition-team-2-2\\\/\"},\"author\":{\"name\":\"Cara de Vlaming\",\"@id\":\"https:\\\/\\\/intereuropolcompetition.eu\\\/#\\\/schema\\\/person\\\/459947d960a8e158dfc7cd9cc7220259\"},\"headline\":\"Kolejna nowo\u015b\u0107 dla Inter Europol Competition\",\"datePublished\":\"2019-06-12T12:17:45+00:00\",\"dateModified\":\"2024-01-15T17:48:09+00:00\",\"mainEntityOfPage\":{\"@id\":\"https:\\\/\\\/intereuropolcompetition.eu\\\/another-first-for-the-inter-europol-competition-team-2-2\\\/\"},\"wordCount\":273,\"commentCount\":0,\"image\":{\"@id\":\"https:\\\/\\\/intereuropolcompetition.eu\\\/another-first-for-the-inter-europol-competition-team-2-2\\\/#primaryimage\"},\"thumbnailUrl\":\"https:\\\/\\\/intereuropolcompetition.eu\\\/wp-content\\\/uploads\\\/2019\\\/06\\\/12.06.19.jpg\",\"articleSection\":[\"News\"],\"inLanguage\":\"pl-PL\",\"potentialAction\":[{\"@type\":\"CommentAction\",\"name\":\"Comment\",\"target\":[\"https:\\\/\\\/intereuropolcompetition.eu\\\/another-first-for-the-inter-europol-competition-team-2-2\\\/#respond\"]}]},{\"@type\":\"WebPage\",\"@id\":\"https:\\\/\\\/intereuropolcompetition.eu\\\/pl\\\/another-first-for-the-inter-europol-competition-team-2-2\\\/\",\"url\":\"https:\\\/\\\/intereuropolcompetition.eu\\\/pl\\\/another-first-for-the-inter-europol-competition-team-2-2\\\/\",\"name\":\"Kolejna nowo\u015b\u0107 dla Inter Europol Competition - Inter Europol Competition\",\"isPartOf\":{\"@id\":\"https:\\\/\\\/intereuropolcompetition.eu\\\/pl\\\/#website\"},\"primaryImageOfPage\":{\"@id\":\"https:\\\/\\\/intereuropolcompetition.eu\\\/pl\\\/another-first-for-the-inter-europol-competition-team-2-2\\\/#primaryimage\"},\"image\":{\"@id\":\"https:\\\/\\\/intereuropolcompetition.eu\\\/another-first-for-the-inter-europol-competition-team-2-2\\\/#primaryimage\"},\"thumbnailUrl\":\"https:\\\/\\\/intereuropolcompetition.eu\\\/wp-content\\\/uploads\\\/2019\\\/06\\\/12.06.19.jpg\",\"datePublished\":\"2019-06-12T12:17:45+00:00\",\"dateModified\":\"2024-01-15T17:48:09+00:00\",\"author\":{\"@id\":\"https:\\\/\\\/intereuropolcompetition.eu\\\/#\\\/schema\\\/person\\\/459947d960a8e158dfc7cd9cc7220259\"},\"breadcrumb\":{\"@id\":\"https:\\\/\\\/intereuropolcompetition.eu\\\/pl\\\/another-first-for-the-inter-europol-competition-team-2-2\\\/#breadcrumb\"},\"inLanguage\":\"pl-PL\",\"potentialAction\":[{\"@type\":\"ReadAction\",\"target\":[[\"https:\\\/\\\/intereuropolcompetition.eu\\\/pl\\\/another-first-for-the-inter-europol-competition-team-2-2\\\/\"]]}]},{\"@type\":\"ImageObject\",\"inLanguage\":\"pl-PL\",\"@id\":\"https:\\\/\\\/intereuropolcompetition.eu\\\/pl\\\/another-first-for-the-inter-europol-competition-team-2-2\\\/#primaryimage\",\"url\":\"https:\\\/\\\/intereuropolcompetition.eu\\\/wp-content\\\/uploads\\\/2019\\\/06\\\/12.06.19.jpg\",\"contentUrl\":\"https:\\\/\\\/intereuropolcompetition.eu\\\/wp-content\\\/uploads\\\/2019\\\/06\\\/12.06.19.jpg\",\"width\":1024,\"height\":683},{\"@type\":\"BreadcrumbList\",\"@id\":\"https:\\\/\\\/intereuropolcompetition.eu\\\/pl\\\/another-first-for-the-inter-europol-competition-team-2-2\\\/#breadcrumb\",\"itemListElement\":[{\"@type\":\"ListItem\",\"position\":1,\"name\":\"Home\",\"item\":\"https:\\\/\\\/intereuropolcompetition.eu\\\/pl\\\/\"},{\"@type\":\"ListItem\",\"position\":2,\"name\":\"Kolejna nowo\u015b\u0107 dla Inter Europol Competition\"}]},{\"@type\":\"WebSite\",\"@id\":\"https:\\\/\\\/intereuropolcompetition.eu\\\/pl\\\/#website\",\"url\":\"https:\\\/\\\/intereuropolcompetition.eu\\\/pl\\\/\",\"name\":\"Inter Europol Competition\",\"description\":\"Mi\u0119dzynarodowy zesp\u00f3\u0142 bior\u0105cy udzia\u0142 wy\u015bcigach serii VdeV, ELMS i BOSS GP\",\"potentialAction\":[{\"@type\":\"SearchAction\",\"target\":{\"@type\":\"EntryPoint\",\"urlTemplate\":\"https:\\\/\\\/intereuropolcompetition.eu\\\/pl\\\/?s={search_term_string}\"},\"query-input\":{\"@type\":\"PropertyValueSpecification\",\"valueRequired\":true,\"valueName\":\"search_term_string\"}}],\"inLanguage\":\"pl-PL\"},{\"@type\":\"Person\",\"@id\":\"https:\\\/\\\/intereuropolcompetition.eu\\\/#\\\/schema\\\/person\\\/459947d960a8e158dfc7cd9cc7220259\",\"name\":\"Cara de Vlaming\",\"image\":{\"@type\":\"ImageObject\",\"inLanguage\":\"pl-PL\",\"@id\":\"https:\\\/\\\/secure.gravatar.com\\\/avatar\\\/a48d60d0527b0a93011938faad782523447753d583c3267028c12cccd8330afe?s=96&d=blank&r=g\",\"url\":\"https:\\\/\\\/secure.gravatar.com\\\/avatar\\\/a48d60d0527b0a93011938faad782523447753d583c3267028c12cccd8330afe?s=96&d=blank&r=g\",\"contentUrl\":\"https:\\\/\\\/secure.gravatar.com\\\/avatar\\\/a48d60d0527b0a93011938faad782523447753d583c3267028c12cccd8330afe?s=96&d=blank&r=g\",\"caption\":\"Cara de Vlaming\"},\"url\":\"https:\\\/\\\/intereuropolcompetition.eu\\\/pl\\\/author\\\/cara\\\/\"}]}<\/script>\n<!-- \/ Yoast SEO plugin. -->","yoast_head_json":{"title":"Kolejna nowo\u015b\u0107 dla Inter Europol Competition - Inter Europol Competition","robots":{"index":"index","follow":"follow","max-snippet":"max-snippet:-1","max-image-preview":"max-image-preview:large","max-video-preview":"max-video-preview:-1"},"canonical":"https:\/\/intereuropolcompetition.eu\/pl\/another-first-for-the-inter-europol-competition-team-2-2\/","og_locale":"pl_PL","og_type":"article","og_title":"Kolejna nowo\u015b\u0107 dla Inter Europol Competition - Inter Europol Competition","og_description":"Inter Europol Competition bierze udzia\u0142 w wy\u015bcigu w Le Mans nie tylko swoim samochodem LMP2, ale r\u00f3wnie\u017c samochodem LMP3 w wy\u015bcigu Road to Le Mans. &nbsp; Dw\u00f3jka kierowc\u00f3w- d\u017centelmen\u00f3w zespo\u0142u skorzysta\u0142a z okazji wzi\u0119cia udzia\u0142u w wy\u015bcigu Road to Le Mans \u017ceby \u015bciga\u0107 si\u0119 na torze, o kt\u00f3rym marzyli. Philippe [&hellip;]","og_url":"https:\/\/intereuropolcompetition.eu\/pl\/another-first-for-the-inter-europol-competition-team-2-2\/","og_site_name":"Inter Europol Competition","article_publisher":"https:\/\/www.facebook.com\/InterEuropolCompetition","article_published_time":"2019-06-12T12:17:45+00:00","article_modified_time":"2024-01-15T17:48:09+00:00","og_image":[{"width":1024,"height":683,"url":"https:\/\/intereuropolcompetition.eu\/wp-content\/uploads\/2019\/06\/12.06.19.jpg","type":"image\/jpeg"}],"author":"Cara de Vlaming","twitter_card":"summary_large_image","twitter_creator":"@IE_Competition","twitter_site":"@IE_Competition","twitter_misc":{"Napisane przez":"Cara de Vlaming","Szacowany czas czytania":"1 minuta"},"schema":{"@context":"https:\/\/schema.org","@graph":[{"@type":"Article","@id":"https:\/\/intereuropolcompetition.eu\/another-first-for-the-inter-europol-competition-team-2-2\/#article","isPartOf":{"@id":"https:\/\/intereuropolcompetition.eu\/another-first-for-the-inter-europol-competition-team-2-2\/"},"author":{"name":"Cara de Vlaming","@id":"https:\/\/intereuropolcompetition.eu\/#\/schema\/person\/459947d960a8e158dfc7cd9cc7220259"},"headline":"Kolejna nowo\u015b\u0107 dla Inter Europol Competition","datePublished":"2019-06-12T12:17:45+00:00","dateModified":"2024-01-15T17:48:09+00:00","mainEntityOfPage":{"@id":"https:\/\/intereuropolcompetition.eu\/another-first-for-the-inter-europol-competition-team-2-2\/"},"wordCount":273,"commentCount":0,"image":{"@id":"https:\/\/intereuropolcompetition.eu\/another-first-for-the-inter-europol-competition-team-2-2\/#primaryimage"},"thumbnailUrl":"https:\/\/intereuropolcompetition.eu\/wp-content\/uploads\/2019\/06\/12.06.19.jpg","articleSection":["News"],"inLanguage":"pl-PL","potentialAction":[{"@type":"CommentAction","name":"Comment","target":["https:\/\/intereuropolcompetition.eu\/another-first-for-the-inter-europol-competition-team-2-2\/#respond"]}]},{"@type":"WebPage","@id":"https:\/\/intereuropolcompetition.eu\/pl\/another-first-for-the-inter-europol-competition-team-2-2\/","url":"https:\/\/intereuropolcompetition.eu\/pl\/another-first-for-the-inter-europol-competition-team-2-2\/","name":"Kolejna nowo\u015b\u0107 dla Inter Europol Competition - Inter Europol Competition","isPartOf":{"@id":"https:\/\/intereuropolcompetition.eu\/pl\/#website"},"primaryImageOfPage":{"@id":"https:\/\/intereuropolcompetition.eu\/pl\/another-first-for-the-inter-europol-competition-team-2-2\/#primaryimage"},"image":{"@id":"https:\/\/intereuropolcompetition.eu\/another-first-for-the-inter-europol-competition-team-2-2\/#primaryimage"},"thumbnailUrl":"https:\/\/intereuropolcompetition.eu\/wp-content\/uploads\/2019\/06\/12.06.19.jpg","datePublished":"2019-06-12T12:17:45+00:00","dateModified":"2024-01-15T17:48:09+00:00","author":{"@id":"https:\/\/intereuropolcompetition.eu\/#\/schema\/person\/459947d960a8e158dfc7cd9cc7220259"},"breadcrumb":{"@id":"https:\/\/intereuropolcompetition.eu\/pl\/another-first-for-the-inter-europol-competition-team-2-2\/#breadcrumb"},"inLanguage":"pl-PL","potentialAction":[{"@type":"ReadAction","target":[["https:\/\/intereuropolcompetition.eu\/pl\/another-first-for-the-inter-europol-competition-team-2-2\/"]]}]},{"@type":"ImageObject","inLanguage":"pl-PL","@id":"https:\/\/intereuropolcompetition.eu\/pl\/another-first-for-the-inter-europol-competition-team-2-2\/#primaryimage","url":"https:\/\/intereuropolcompetition.eu\/wp-content\/uploads\/2019\/06\/12.06.19.jpg","contentUrl":"https:\/\/intereuropolcompetition.eu\/wp-content\/uploads\/2019\/06\/12.06.19.jpg","width":1024,"height":683},{"@type":"BreadcrumbList","@id":"https:\/\/intereuropolcompetition.eu\/pl\/another-first-for-the-inter-europol-competition-team-2-2\/#breadcrumb","itemListElement":[{"@type":"ListItem","position":1,"name":"Home","item":"https:\/\/intereuropolcompetition.eu\/pl\/"},{"@type":"ListItem","position":2,"name":"Kolejna nowo\u015b\u0107 dla Inter Europol Competition"}]},{"@type":"WebSite","@id":"https:\/\/intereuropolcompetition.eu\/pl\/#website","url":"https:\/\/intereuropolcompetition.eu\/pl\/","name":"Inter Europol Competition","description":"Mi\u0119dzynarodowy zesp\u00f3\u0142 bior\u0105cy udzia\u0142 wy\u015bcigach serii VdeV, ELMS i BOSS GP","potentialAction":[{"@type":"SearchAction","target":{"@type":"EntryPoint","urlTemplate":"https:\/\/intereuropolcompetition.eu\/pl\/?s={search_term_string}"},"query-input":{"@type":"PropertyValueSpecification","valueRequired":true,"valueName":"search_term_string"}}],"inLanguage":"pl-PL"},{"@type":"Person","@id":"https:\/\/intereuropolcompetition.eu\/#\/schema\/person\/459947d960a8e158dfc7cd9cc7220259","name":"Cara de Vlaming","image":{"@type":"ImageObject","inLanguage":"pl-PL","@id":"https:\/\/secure.gravatar.com\/avatar\/a48d60d0527b0a93011938faad782523447753d583c3267028c12cccd8330afe?s=96&d=blank&r=g","url":"https:\/\/secure.gravatar.com\/avatar\/a48d60d0527b0a93011938faad782523447753d583c3267028c12cccd8330afe?s=96&d=blank&r=g","contentUrl":"https:\/\/secure.gravatar.com\/avatar\/a48d60d0527b0a93011938faad782523447753d583c3267028c12cccd8330afe?s=96&d=blank&r=g","caption":"Cara de Vlaming"},"url":"https:\/\/intereuropolcompetition.eu\/pl\/author\/cara\/"}]}},"_links":{"self":[{"href":"https:\/\/intereuropolcompetition.eu\/pl\/wp-json\/wp\/v2\/posts\/16242","targetHints":{"allow":["GET"]}}],"collection":[{"href":"https:\/\/intereuropolcompetition.eu\/pl\/wp-json\/wp\/v2\/posts"}],"about":[{"href":"https:\/\/intereuropolcompetition.eu\/pl\/wp-json\/wp\/v2\/types\/post"}],"author":[{"embeddable":true,"href":"https:\/\/intereuropolcompetition.eu\/pl\/wp-json\/wp\/v2\/users\/3"}],"replies":[{"embeddable":true,"href":"https:\/\/intereuropolcompetition.eu\/pl\/wp-json\/wp\/v2\/comments?post=16242"}],"version-history":[{"count":1,"href":"https:\/\/intereuropolcompetition.eu\/pl\/wp-json\/wp\/v2\/posts\/16242\/revisions"}],"predecessor-version":[{"id":16543,"href":"https:\/\/intereuropolcompetition.eu\/pl\/wp-json\/wp\/v2\/posts\/16242\/revisions\/16543"}],"wp:featuredmedia":[{"embeddable":true,"href":"https:\/\/intereuropolcompetition.eu\/pl\/wp-json\/wp\/v2\/media\/16532"}],"wp:attachment":[{"href":"https:\/\/intereuropolcompetition.eu\/pl\/wp-json\/wp\/v2\/media?parent=16242"}],"wp:term":[{"taxonomy":"category","embeddable":true,"href":"https:\/\/intereuropolcompetition.eu\/pl\/wp-json\/wp\/v2\/categories?post=16242"},{"taxonomy":"post_tag","embeddable":true,"href":"https:\/\/intereuropolcompetition.eu\/pl\/wp-json\/wp\/v2\/tags?post=16242"}],"curies":[{"name":"wp","href":"https:\/\/api.w.org\/{rel}","templated":true}]}}