{"id":16216,"date":"2018-10-04T21:10:11","date_gmt":"2018-10-04T19:10:11","guid":{"rendered":"https:\/\/test2.intereuropolcompetition.eu\/?p=2745"},"modified":"2024-01-15T19:07:08","modified_gmt":"2024-01-15T18:07:08","slug":"fully-committed-inter-europol-competition-team-at-le-mans","status":"publish","type":"post","link":"https:\/\/intereuropolcompetition.eu\/pl\/fully-committed-inter-europol-competition-team-at-le-mans\/","title":{"rendered":"W pe\u0142ni oddany zesp\u00f3\u0142 Inter Europol Competition na Le Mans"},"content":{"rendered":"<p>Le Mans jest bardzo imponuj\u0105cym torem, nawet gdy nie odbywa si\u0119 tu 24-godzinny wy\u015bcig. W ten weekend odbywa si\u0119 przedostatnia runda serii VdeV i zesp\u00f3\u0142 Inter Europol Competition przyjecha\u0142 tu ze swoimi dwoma samochodami LMP3 i jednym bolidem Formu\u0142y Renault 2.0. Kuba \u015amiechowski i Pontus Fredricsson b\u0119d\u0105 prowadzi\u0107 LMP3 #22, a Paul Scheuschner po raz kolejny b\u0119dzie dzieli\u0142 LMP3 #33 z Moritzem M\u00fcllerem-Creponem. Edward Jonasson wraca za kierownic\u0119 bolidu #8 FR 2.0. Edward jest aktualnie trzeci w mistrzostwach.<\/p>\n<p>&nbsp;<\/p>\n<p>Podczas ostatniego wy\u015bcigu, usterki techniczne przeszkodzi\u0142y kierowcom w zdobyciu wystarczaj\u0105cej liczby punkt\u00f3w na utrzymanie pierwszego i drugiego miejsca w klasyfikacji generalnej. \u015amiechowski i Fredricsson s\u0105 na trzecim miejscu ze strat\u0105 7,5 punktu do lider\u00f3w. Paul Scheuschner znajduje si\u0119 na sz\u00f3stym miejscu.<\/p>\n<p>&nbsp;<\/p>\n<p>Teraz zesp\u00f3\u0142 jest w pe\u0142ni skoncentrowany na odzyskaniu dw\u00f3ch pierwszych miejsc.<\/p>\n<p>&nbsp;<\/p>\n<p>Program zawod\u00f3w:<\/p>\n<p>Pi\u0105tek 5 pa\u017adziernika<\/p>\n<p>11.40 \u2013 13.40\u00a0\u00a0\u00a0 \u00a0\u00a0\u00a0\u00a0\u00a0\u00a0\u00a0\u00a0\u00a0\u00a0\u00a0\u00a0\u00a0\u00a0 LMP3 Trening 1<\/p>\n<p>14.50 \u2013 15.20\u00a0\u00a0\u00a0\u00a0\u00a0\u00a0\u00a0\u00a0\u00a0\u00a0\u00a0\u00a0\u00a0\u00a0\u00a0\u00a0\u00a0\u00a0 FR2.0 Trening 1<\/p>\n<p>15.30 \u2013 17.30\u00a0\u00a0\u00a0\u00a0\u00a0\u00a0\u00a0\u00a0\u00a0\u00a0\u00a0\u00a0\u00a0\u00a0\u00a0\u00a0\u00a0\u00a0 LMP3 Trening 2<\/p>\n<p>18.20 \u2013 18.50\u00a0\u00a0\u00a0\u00a0\u00a0\u00a0\u00a0\u00a0\u00a0\u00a0\u00a0\u00a0\u00a0\u00a0\u00a0\u00a0\u00a0\u00a0 FR2.0 Trening 2<\/p>\n<p>&nbsp;<\/p>\n<p>Sobota 6 pa\u017adziernika<\/p>\n<p>09.05 \u2013 09.30\u00a0\u00a0\u00a0\u00a0\u00a0\u00a0\u00a0\u00a0\u00a0\u00a0\u00a0\u00a0\u00a0\u00a0\u00a0\u00a0\u00a0\u00a0 FR2.0 Kwalifikacje<\/p>\n<p>10.35 \u2013 12.35\u00a0\u00a0\u00a0\u00a0\u00a0\u00a0\u00a0\u00a0\u00a0\u00a0\u00a0\u00a0\u00a0\u00a0\u00a0\u00a0\u00a0\u00a0 LMP3 Trening 3<\/p>\n<p>13.35 \u2013 14.05\u00a0\u00a0\u00a0\u00a0\u00a0\u00a0\u00a0\u00a0\u00a0\u00a0\u00a0\u00a0\u00a0\u00a0\u00a0\u00a0\u00a0\u00a0 FR2.0 Wy\u015bcig 1<\/p>\n<p>15.15 \u2013 15.45\u00a0\u00a0\u00a0\u00a0\u00a0\u00a0\u00a0\u00a0\u00a0\u00a0\u00a0\u00a0\u00a0\u00a0\u00a0\u00a0\u00a0\u00a0 LMP3 Kwalifikacje<\/p>\n<p>17.10 \u2013 17.40\u00a0\u00a0\u00a0\u00a0\u00a0\u00a0\u00a0\u00a0\u00a0\u00a0\u00a0\u00a0\u00a0\u00a0\u00a0\u00a0\u00a0\u00a0 FR2.0 Wy\u015bcig 2<\/p>\n<p>&nbsp;<\/p>\n<p>Niedziela 7 pa\u017adziernika<\/p>\n<p>11.05 \u2013 15.05\u00a0\u00a0\u00a0\u00a0\u00a0\u00a0\u00a0\u00a0\u00a0\u00a0\u00a0\u00a0\u00a0\u00a0\u00a0\u00a0\u00a0\u00a0 LMP3 Wy\u015bcig<\/p>","protected":false},"excerpt":{"rendered":"<p>Le Mans jest bardzo imponuj\u0105cym torem, nawet gdy nie odbywa si\u0119 tu 24-godzinny wy\u015bcig. W ten weekend odbywa si\u0119 przedostatnia runda serii VdeV i zesp\u00f3\u0142 Inter Europol Competition przyjecha\u0142 tu ze swoimi dwoma samochodami LMP3 i jednym bolidem Formu\u0142y Renault 2.0. Kuba \u015amiechowski i Pontus Fredricsson b\u0119d\u0105 prowadzi\u0107 LMP3 #22, [&hellip;]<\/p>\n","protected":false},"author":3,"featured_media":16596,"comment_status":"open","ping_status":"open","sticky":false,"template":"","format":"standard","meta":{"footnotes":""},"categories":[50],"tags":[],"class_list":["post-16216","post","type-post","status-publish","format-standard","has-post-thumbnail","hentry","category-news"],"yoast_head":"<!-- This site is optimized with the Yoast SEO plugin v27.5 - https:\/\/yoast.com\/product\/yoast-seo-wordpress\/ -->\n<title>W pe\u0142ni oddany zesp\u00f3\u0142 Inter Europol Competition na Le Mans - Inter Europol Competition<\/title>\n<meta name=\"robots\" content=\"index, follow, max-snippet:-1, max-image-preview:large, max-video-preview:-1\" \/>\n<link rel=\"canonical\" href=\"https:\/\/intereuropolcompetition.eu\/pl\/fully-committed-inter-europol-competition-team-at-le-mans\/\" \/>\n<meta property=\"og:locale\" content=\"pl_PL\" \/>\n<meta property=\"og:type\" content=\"article\" \/>\n<meta property=\"og:title\" content=\"W pe\u0142ni oddany zesp\u00f3\u0142 Inter Europol Competition na Le Mans - Inter Europol Competition\" \/>\n<meta property=\"og:description\" content=\"Le Mans jest bardzo imponuj\u0105cym torem, nawet gdy nie odbywa si\u0119 tu 24-godzinny wy\u015bcig. W ten weekend odbywa si\u0119 przedostatnia runda serii VdeV i zesp\u00f3\u0142 Inter Europol Competition przyjecha\u0142 tu ze swoimi dwoma samochodami LMP3 i jednym bolidem Formu\u0142y Renault 2.0. Kuba \u015amiechowski i Pontus Fredricsson b\u0119d\u0105 prowadzi\u0107 LMP3 #22, [&hellip;]\" \/>\n<meta property=\"og:url\" content=\"https:\/\/intereuropolcompetition.eu\/pl\/fully-committed-inter-europol-competition-team-at-le-mans\/\" \/>\n<meta property=\"og:site_name\" content=\"Inter Europol Competition\" \/>\n<meta property=\"article:publisher\" content=\"https:\/\/www.facebook.com\/InterEuropolCompetition\" \/>\n<meta property=\"article:published_time\" content=\"2018-10-04T19:10:11+00:00\" \/>\n<meta property=\"article:modified_time\" content=\"2024-01-15T18:07:08+00:00\" \/>\n<meta property=\"og:image\" content=\"https:\/\/intereuropolcompetition.eu\/wp-content\/uploads\/2018\/10\/4.10.18.jpg\" \/>\n\t<meta property=\"og:image:width\" content=\"1024\" \/>\n\t<meta property=\"og:image:height\" content=\"681\" \/>\n\t<meta property=\"og:image:type\" content=\"image\/jpeg\" \/>\n<meta name=\"author\" content=\"Cara de Vlaming\" \/>\n<meta name=\"twitter:card\" content=\"summary_large_image\" \/>\n<meta name=\"twitter:creator\" content=\"@IE_Competition\" \/>\n<meta name=\"twitter:site\" content=\"@IE_Competition\" \/>\n<meta name=\"twitter:label1\" content=\"Napisane przez\" \/>\n\t<meta name=\"twitter:data1\" content=\"Cara de Vlaming\" \/>\n\t<meta name=\"twitter:label2\" content=\"Szacowany czas czytania\" \/>\n\t<meta name=\"twitter:data2\" content=\"2 minuty\" \/>\n<script type=\"application\/ld+json\" class=\"yoast-schema-graph\">{\"@context\":\"https:\\\/\\\/schema.org\",\"@graph\":[{\"@type\":\"Article\",\"@id\":\"https:\\\/\\\/intereuropolcompetition.eu\\\/fully-committed-inter-europol-competition-team-at-le-mans\\\/#article\",\"isPartOf\":{\"@id\":\"https:\\\/\\\/intereuropolcompetition.eu\\\/fully-committed-inter-europol-competition-team-at-le-mans\\\/\"},\"author\":{\"name\":\"Cara de Vlaming\",\"@id\":\"https:\\\/\\\/intereuropolcompetition.eu\\\/#\\\/schema\\\/person\\\/459947d960a8e158dfc7cd9cc7220259\"},\"headline\":\"W pe\u0142ni oddany zesp\u00f3\u0142 Inter Europol Competition na Le Mans\",\"datePublished\":\"2018-10-04T19:10:11+00:00\",\"dateModified\":\"2024-01-15T18:07:08+00:00\",\"mainEntityOfPage\":{\"@id\":\"https:\\\/\\\/intereuropolcompetition.eu\\\/fully-committed-inter-europol-competition-team-at-le-mans\\\/\"},\"wordCount\":378,\"commentCount\":0,\"image\":{\"@id\":\"https:\\\/\\\/intereuropolcompetition.eu\\\/fully-committed-inter-europol-competition-team-at-le-mans\\\/#primaryimage\"},\"thumbnailUrl\":\"https:\\\/\\\/intereuropolcompetition.eu\\\/wp-content\\\/uploads\\\/2018\\\/10\\\/4.10.18.jpg\",\"articleSection\":[\"News\"],\"inLanguage\":\"pl-PL\",\"potentialAction\":[{\"@type\":\"CommentAction\",\"name\":\"Comment\",\"target\":[\"https:\\\/\\\/intereuropolcompetition.eu\\\/fully-committed-inter-europol-competition-team-at-le-mans\\\/#respond\"]}]},{\"@type\":\"WebPage\",\"@id\":\"https:\\\/\\\/intereuropolcompetition.eu\\\/pl\\\/fully-committed-inter-europol-competition-team-at-le-mans\\\/\",\"url\":\"https:\\\/\\\/intereuropolcompetition.eu\\\/pl\\\/fully-committed-inter-europol-competition-team-at-le-mans\\\/\",\"name\":\"W pe\u0142ni oddany zesp\u00f3\u0142 Inter Europol Competition na Le Mans - Inter Europol Competition\",\"isPartOf\":{\"@id\":\"https:\\\/\\\/intereuropolcompetition.eu\\\/pl\\\/#website\"},\"primaryImageOfPage\":{\"@id\":\"https:\\\/\\\/intereuropolcompetition.eu\\\/pl\\\/fully-committed-inter-europol-competition-team-at-le-mans\\\/#primaryimage\"},\"image\":{\"@id\":\"https:\\\/\\\/intereuropolcompetition.eu\\\/fully-committed-inter-europol-competition-team-at-le-mans\\\/#primaryimage\"},\"thumbnailUrl\":\"https:\\\/\\\/intereuropolcompetition.eu\\\/wp-content\\\/uploads\\\/2018\\\/10\\\/4.10.18.jpg\",\"datePublished\":\"2018-10-04T19:10:11+00:00\",\"dateModified\":\"2024-01-15T18:07:08+00:00\",\"author\":{\"@id\":\"https:\\\/\\\/intereuropolcompetition.eu\\\/#\\\/schema\\\/person\\\/459947d960a8e158dfc7cd9cc7220259\"},\"breadcrumb\":{\"@id\":\"https:\\\/\\\/intereuropolcompetition.eu\\\/pl\\\/fully-committed-inter-europol-competition-team-at-le-mans\\\/#breadcrumb\"},\"inLanguage\":\"pl-PL\",\"potentialAction\":[{\"@type\":\"ReadAction\",\"target\":[[\"https:\\\/\\\/intereuropolcompetition.eu\\\/pl\\\/fully-committed-inter-europol-competition-team-at-le-mans\\\/\"]]}]},{\"@type\":\"ImageObject\",\"inLanguage\":\"pl-PL\",\"@id\":\"https:\\\/\\\/intereuropolcompetition.eu\\\/pl\\\/fully-committed-inter-europol-competition-team-at-le-mans\\\/#primaryimage\",\"url\":\"https:\\\/\\\/intereuropolcompetition.eu\\\/wp-content\\\/uploads\\\/2018\\\/10\\\/4.10.18.jpg\",\"contentUrl\":\"https:\\\/\\\/intereuropolcompetition.eu\\\/wp-content\\\/uploads\\\/2018\\\/10\\\/4.10.18.jpg\",\"width\":1024,\"height\":681},{\"@type\":\"BreadcrumbList\",\"@id\":\"https:\\\/\\\/intereuropolcompetition.eu\\\/pl\\\/fully-committed-inter-europol-competition-team-at-le-mans\\\/#breadcrumb\",\"itemListElement\":[{\"@type\":\"ListItem\",\"position\":1,\"name\":\"Home\",\"item\":\"https:\\\/\\\/intereuropolcompetition.eu\\\/pl\\\/\"},{\"@type\":\"ListItem\",\"position\":2,\"name\":\"W pe\u0142ni oddany zesp\u00f3\u0142 Inter Europol Competition na Le Mans\"}]},{\"@type\":\"WebSite\",\"@id\":\"https:\\\/\\\/intereuropolcompetition.eu\\\/pl\\\/#website\",\"url\":\"https:\\\/\\\/intereuropolcompetition.eu\\\/pl\\\/\",\"name\":\"Inter Europol Competition\",\"description\":\"Mi\u0119dzynarodowy zesp\u00f3\u0142 bior\u0105cy udzia\u0142 wy\u015bcigach serii VdeV, ELMS i BOSS GP\",\"potentialAction\":[{\"@type\":\"SearchAction\",\"target\":{\"@type\":\"EntryPoint\",\"urlTemplate\":\"https:\\\/\\\/intereuropolcompetition.eu\\\/pl\\\/?s={search_term_string}\"},\"query-input\":{\"@type\":\"PropertyValueSpecification\",\"valueRequired\":true,\"valueName\":\"search_term_string\"}}],\"inLanguage\":\"pl-PL\"},{\"@type\":\"Person\",\"@id\":\"https:\\\/\\\/intereuropolcompetition.eu\\\/#\\\/schema\\\/person\\\/459947d960a8e158dfc7cd9cc7220259\",\"name\":\"Cara de Vlaming\",\"image\":{\"@type\":\"ImageObject\",\"inLanguage\":\"pl-PL\",\"@id\":\"https:\\\/\\\/secure.gravatar.com\\\/avatar\\\/a48d60d0527b0a93011938faad782523447753d583c3267028c12cccd8330afe?s=96&d=blank&r=g\",\"url\":\"https:\\\/\\\/secure.gravatar.com\\\/avatar\\\/a48d60d0527b0a93011938faad782523447753d583c3267028c12cccd8330afe?s=96&d=blank&r=g\",\"contentUrl\":\"https:\\\/\\\/secure.gravatar.com\\\/avatar\\\/a48d60d0527b0a93011938faad782523447753d583c3267028c12cccd8330afe?s=96&d=blank&r=g\",\"caption\":\"Cara de Vlaming\"},\"url\":\"https:\\\/\\\/intereuropolcompetition.eu\\\/pl\\\/author\\\/cara\\\/\"}]}<\/script>\n<!-- \/ Yoast SEO plugin. -->","yoast_head_json":{"title":"W pe\u0142ni oddany zesp\u00f3\u0142 Inter Europol Competition na Le Mans - Inter Europol Competition","robots":{"index":"index","follow":"follow","max-snippet":"max-snippet:-1","max-image-preview":"max-image-preview:large","max-video-preview":"max-video-preview:-1"},"canonical":"https:\/\/intereuropolcompetition.eu\/pl\/fully-committed-inter-europol-competition-team-at-le-mans\/","og_locale":"pl_PL","og_type":"article","og_title":"W pe\u0142ni oddany zesp\u00f3\u0142 Inter Europol Competition na Le Mans - Inter Europol Competition","og_description":"Le Mans jest bardzo imponuj\u0105cym torem, nawet gdy nie odbywa si\u0119 tu 24-godzinny wy\u015bcig. W ten weekend odbywa si\u0119 przedostatnia runda serii VdeV i zesp\u00f3\u0142 Inter Europol Competition przyjecha\u0142 tu ze swoimi dwoma samochodami LMP3 i jednym bolidem Formu\u0142y Renault 2.0. Kuba \u015amiechowski i Pontus Fredricsson b\u0119d\u0105 prowadzi\u0107 LMP3 #22, [&hellip;]","og_url":"https:\/\/intereuropolcompetition.eu\/pl\/fully-committed-inter-europol-competition-team-at-le-mans\/","og_site_name":"Inter Europol Competition","article_publisher":"https:\/\/www.facebook.com\/InterEuropolCompetition","article_published_time":"2018-10-04T19:10:11+00:00","article_modified_time":"2024-01-15T18:07:08+00:00","og_image":[{"width":1024,"height":681,"url":"https:\/\/intereuropolcompetition.eu\/wp-content\/uploads\/2018\/10\/4.10.18.jpg","type":"image\/jpeg"}],"author":"Cara de Vlaming","twitter_card":"summary_large_image","twitter_creator":"@IE_Competition","twitter_site":"@IE_Competition","twitter_misc":{"Napisane przez":"Cara de Vlaming","Szacowany czas czytania":"2 minuty"},"schema":{"@context":"https:\/\/schema.org","@graph":[{"@type":"Article","@id":"https:\/\/intereuropolcompetition.eu\/fully-committed-inter-europol-competition-team-at-le-mans\/#article","isPartOf":{"@id":"https:\/\/intereuropolcompetition.eu\/fully-committed-inter-europol-competition-team-at-le-mans\/"},"author":{"name":"Cara de Vlaming","@id":"https:\/\/intereuropolcompetition.eu\/#\/schema\/person\/459947d960a8e158dfc7cd9cc7220259"},"headline":"W pe\u0142ni oddany zesp\u00f3\u0142 Inter Europol Competition na Le Mans","datePublished":"2018-10-04T19:10:11+00:00","dateModified":"2024-01-15T18:07:08+00:00","mainEntityOfPage":{"@id":"https:\/\/intereuropolcompetition.eu\/fully-committed-inter-europol-competition-team-at-le-mans\/"},"wordCount":378,"commentCount":0,"image":{"@id":"https:\/\/intereuropolcompetition.eu\/fully-committed-inter-europol-competition-team-at-le-mans\/#primaryimage"},"thumbnailUrl":"https:\/\/intereuropolcompetition.eu\/wp-content\/uploads\/2018\/10\/4.10.18.jpg","articleSection":["News"],"inLanguage":"pl-PL","potentialAction":[{"@type":"CommentAction","name":"Comment","target":["https:\/\/intereuropolcompetition.eu\/fully-committed-inter-europol-competition-team-at-le-mans\/#respond"]}]},{"@type":"WebPage","@id":"https:\/\/intereuropolcompetition.eu\/pl\/fully-committed-inter-europol-competition-team-at-le-mans\/","url":"https:\/\/intereuropolcompetition.eu\/pl\/fully-committed-inter-europol-competition-team-at-le-mans\/","name":"W pe\u0142ni oddany zesp\u00f3\u0142 Inter Europol Competition na Le Mans - Inter Europol Competition","isPartOf":{"@id":"https:\/\/intereuropolcompetition.eu\/pl\/#website"},"primaryImageOfPage":{"@id":"https:\/\/intereuropolcompetition.eu\/pl\/fully-committed-inter-europol-competition-team-at-le-mans\/#primaryimage"},"image":{"@id":"https:\/\/intereuropolcompetition.eu\/fully-committed-inter-europol-competition-team-at-le-mans\/#primaryimage"},"thumbnailUrl":"https:\/\/intereuropolcompetition.eu\/wp-content\/uploads\/2018\/10\/4.10.18.jpg","datePublished":"2018-10-04T19:10:11+00:00","dateModified":"2024-01-15T18:07:08+00:00","author":{"@id":"https:\/\/intereuropolcompetition.eu\/#\/schema\/person\/459947d960a8e158dfc7cd9cc7220259"},"breadcrumb":{"@id":"https:\/\/intereuropolcompetition.eu\/pl\/fully-committed-inter-europol-competition-team-at-le-mans\/#breadcrumb"},"inLanguage":"pl-PL","potentialAction":[{"@type":"ReadAction","target":[["https:\/\/intereuropolcompetition.eu\/pl\/fully-committed-inter-europol-competition-team-at-le-mans\/"]]}]},{"@type":"ImageObject","inLanguage":"pl-PL","@id":"https:\/\/intereuropolcompetition.eu\/pl\/fully-committed-inter-europol-competition-team-at-le-mans\/#primaryimage","url":"https:\/\/intereuropolcompetition.eu\/wp-content\/uploads\/2018\/10\/4.10.18.jpg","contentUrl":"https:\/\/intereuropolcompetition.eu\/wp-content\/uploads\/2018\/10\/4.10.18.jpg","width":1024,"height":681},{"@type":"BreadcrumbList","@id":"https:\/\/intereuropolcompetition.eu\/pl\/fully-committed-inter-europol-competition-team-at-le-mans\/#breadcrumb","itemListElement":[{"@type":"ListItem","position":1,"name":"Home","item":"https:\/\/intereuropolcompetition.eu\/pl\/"},{"@type":"ListItem","position":2,"name":"W pe\u0142ni oddany zesp\u00f3\u0142 Inter Europol Competition na Le Mans"}]},{"@type":"WebSite","@id":"https:\/\/intereuropolcompetition.eu\/pl\/#website","url":"https:\/\/intereuropolcompetition.eu\/pl\/","name":"Inter Europol Competition","description":"Mi\u0119dzynarodowy zesp\u00f3\u0142 bior\u0105cy udzia\u0142 wy\u015bcigach serii VdeV, ELMS i BOSS GP","potentialAction":[{"@type":"SearchAction","target":{"@type":"EntryPoint","urlTemplate":"https:\/\/intereuropolcompetition.eu\/pl\/?s={search_term_string}"},"query-input":{"@type":"PropertyValueSpecification","valueRequired":true,"valueName":"search_term_string"}}],"inLanguage":"pl-PL"},{"@type":"Person","@id":"https:\/\/intereuropolcompetition.eu\/#\/schema\/person\/459947d960a8e158dfc7cd9cc7220259","name":"Cara de Vlaming","image":{"@type":"ImageObject","inLanguage":"pl-PL","@id":"https:\/\/secure.gravatar.com\/avatar\/a48d60d0527b0a93011938faad782523447753d583c3267028c12cccd8330afe?s=96&d=blank&r=g","url":"https:\/\/secure.gravatar.com\/avatar\/a48d60d0527b0a93011938faad782523447753d583c3267028c12cccd8330afe?s=96&d=blank&r=g","contentUrl":"https:\/\/secure.gravatar.com\/avatar\/a48d60d0527b0a93011938faad782523447753d583c3267028c12cccd8330afe?s=96&d=blank&r=g","caption":"Cara de Vlaming"},"url":"https:\/\/intereuropolcompetition.eu\/pl\/author\/cara\/"}]}},"_links":{"self":[{"href":"https:\/\/intereuropolcompetition.eu\/pl\/wp-json\/wp\/v2\/posts\/16216","targetHints":{"allow":["GET"]}}],"collection":[{"href":"https:\/\/intereuropolcompetition.eu\/pl\/wp-json\/wp\/v2\/posts"}],"about":[{"href":"https:\/\/intereuropolcompetition.eu\/pl\/wp-json\/wp\/v2\/types\/post"}],"author":[{"embeddable":true,"href":"https:\/\/intereuropolcompetition.eu\/pl\/wp-json\/wp\/v2\/users\/3"}],"replies":[{"embeddable":true,"href":"https:\/\/intereuropolcompetition.eu\/pl\/wp-json\/wp\/v2\/comments?post=16216"}],"version-history":[{"count":1,"href":"https:\/\/intereuropolcompetition.eu\/pl\/wp-json\/wp\/v2\/posts\/16216\/revisions"}],"predecessor-version":[{"id":16602,"href":"https:\/\/intereuropolcompetition.eu\/pl\/wp-json\/wp\/v2\/posts\/16216\/revisions\/16602"}],"wp:featuredmedia":[{"embeddable":true,"href":"https:\/\/intereuropolcompetition.eu\/pl\/wp-json\/wp\/v2\/media\/16596"}],"wp:attachment":[{"href":"https:\/\/intereuropolcompetition.eu\/pl\/wp-json\/wp\/v2\/media?parent=16216"}],"wp:term":[{"taxonomy":"category","embeddable":true,"href":"https:\/\/intereuropolcompetition.eu\/pl\/wp-json\/wp\/v2\/categories?post=16216"},{"taxonomy":"post_tag","embeddable":true,"href":"https:\/\/intereuropolcompetition.eu\/pl\/wp-json\/wp\/v2\/tags?post=16216"}],"curies":[{"name":"wp","href":"https:\/\/api.w.org\/{rel}","templated":true}]}}