{"id":16214,"date":"2018-09-20T11:32:49","date_gmt":"2018-09-20T09:32:49","guid":{"rendered":"https:\/\/test2.intereuropolcompetition.eu\/?p=2670"},"modified":"2024-01-15T19:07:09","modified_gmt":"2024-01-15T18:07:09","slug":"ligier-lmp2-inter-europol-competition-team","status":"publish","type":"post","link":"https:\/\/intereuropolcompetition.eu\/pl\/ligier-lmp2-inter-europol-competition-team\/","title":{"rendered":"Ligier LMP2 dla zespo\u0142u Inter Europol Competition"},"content":{"rendered":"<p>Inter Europol Competition zmierzy si\u0119 ze swoim najwi\u0119kszym wyzwaniem jak dot\u0105d. Zesp\u00f3\u0142 kupi\u0142 Ligiera LMP2 i zamierza startowa\u0107 nim w sezonie 2019 w European Le Mans Series. Nie zmienia to jednak dotychczasowego programu LMP3 i w przysz\u0142ym roku znajd\u0105 si\u0119 oba samochody tej klasy na starcie w ELMS.<\/p>\n<p>&nbsp;<\/p>\n<p>Trzy lata temu zesp\u00f3\u0142 rozpocz\u0105\u0142 swoj\u0105 przygod\u0119 Endurance z Ligierem LMP3. Decyduj\u0105c si\u0119 na kolejnego Ligiera, zesp\u00f3\u0142 zostaje z tym samym partnerem, z kt\u00f3rym wsp\u00f3\u0142pracowa\u0142 przez ostatnie trzy lata. Podczas tego okresu Inter Europol Competition wygra\u0142 dwukrotnie seri\u0119 VdeV i awansowa\u0142 z dwunastego miejsca w sezonie 2016 ELMS na pi\u0105te w roku kolejnym, W 2019 roku zesp\u00f3\u0142 wci\u0105\u017c b\u0119dzie wystawia\u0142 samochody LMP3, ale zostanie utworzony osobny zesp\u00f3\u0142 do obs\u0142ugi LMP2. W tym roku do i tak ju\u017c napi\u0119tego grafiku, zesp\u00f3\u0142 do\u0142\u0105czy\u0142 udzia\u0142 w Asian Le Mans Series.<\/p>\n<p>&nbsp;<\/p>\n<p>W tym tygodniu (22-23 wrze\u015bnia) Inter Europol Competition b\u0119dzie na torze w Spa na kolejny wy\u015bcig European Le Mans Series. LMP3 #13 b\u0119dzie prowadzone przez regularnych kierowc\u00f3w, Kub\u0119 \u015amiechowskiego i Martina Hippe. W bli\u017aniaczym samochodzie #14 do Paula Scheuschnera i Luci Demarchi do\u0142\u0105czy m\u0142ody szwajcarski kierowca Moritz M\u00fcller-Crepon, kt\u00f3ry \u015bciga\u0142 si\u0119 ju\u017c dla zespo\u0142u dwa tygodnie temu podczas wy\u015bcigu VdeV w Navarze.<\/p>\n<p>&nbsp;<\/p>\n<p>Michael Keese, Dyrektor techniczny: \u201e\u015acigali\u015bmy si\u0119 z sukcesami z naszymi LMP3 przez ostatnie trzy lata i jeste\u015bmy teraz gotowi na przej\u015bcie na kolejny poziom w \u015bwiecie prototyp\u00f3w i do\u0142\u0105czy\u0107 do du\u017cej ligi. Wiemy, \u017ce b\u0119dzie bardzo du\u017co do nauczenia w relatywnie kr\u00f3tkim czasie, ale dzi\u0119ki wystawianiu prototyp\u00f3w LMP3 i LMP2 dajemy szans\u0119 naszym kierowcom na rozwijanie si\u0119 razem z zespo\u0142em.\u201d<\/p>\n<p>&nbsp;<\/p>\n<p>Jacques Nicolet, Dyrektor generalny Onroak Automotive: \u201eInter Europol Competition do\u0142\u0105czy\u0142 do rodziny Ligiera w 2016 roku kiedy zakupi\u0142 sw\u00f3j pierwszy prototyp LMP3 i zacz\u0105\u0142 starty w VdeV i ELMS. Zesp\u00f3\u0142 wywindowa\u0142 mark\u0119 Ligier wygrywaj\u0105c seri\u0119 VdeV w 2016 i 2017 roku. Bardzo si\u0119 cieszymy, \u017ce Inter Europol Comptetition wybra\u0142o Ligiera JS P217 na start swojej nowej przygody w kategorii LMP2.\u201d<\/p>","protected":false},"excerpt":{"rendered":"<p>Inter Europol Competition zmierzy si\u0119 ze swoim najwi\u0119kszym wyzwaniem jak dot\u0105d. Zesp\u00f3\u0142 kupi\u0142 Ligiera LMP2 i zamierza startowa\u0107 nim w sezonie 2019 w European Le Mans Series. Nie zmienia to jednak dotychczasowego programu LMP3 i w przysz\u0142ym roku znajd\u0105 si\u0119 oba samochody tej klasy na starcie w ELMS. &nbsp; Trzy [&hellip;]<\/p>\n","protected":false},"author":3,"featured_media":16594,"comment_status":"open","ping_status":"open","sticky":false,"template":"","format":"standard","meta":{"footnotes":""},"categories":[50],"tags":[],"class_list":["post-16214","post","type-post","status-publish","format-standard","has-post-thumbnail","hentry","category-news"],"yoast_head":"<!-- This site is optimized with the Yoast SEO plugin v27.5 - https:\/\/yoast.com\/product\/yoast-seo-wordpress\/ -->\n<title>Ligier LMP2 dla zespo\u0142u Inter Europol Competition - Inter Europol Competition<\/title>\n<meta name=\"robots\" content=\"index, follow, max-snippet:-1, max-image-preview:large, max-video-preview:-1\" \/>\n<link rel=\"canonical\" href=\"https:\/\/intereuropolcompetition.eu\/pl\/ligier-lmp2-inter-europol-competition-team\/\" \/>\n<meta property=\"og:locale\" content=\"pl_PL\" \/>\n<meta property=\"og:type\" content=\"article\" \/>\n<meta property=\"og:title\" content=\"Ligier LMP2 dla zespo\u0142u Inter Europol Competition - Inter Europol Competition\" \/>\n<meta property=\"og:description\" content=\"Inter Europol Competition zmierzy si\u0119 ze swoim najwi\u0119kszym wyzwaniem jak dot\u0105d. Zesp\u00f3\u0142 kupi\u0142 Ligiera LMP2 i zamierza startowa\u0107 nim w sezonie 2019 w European Le Mans Series. Nie zmienia to jednak dotychczasowego programu LMP3 i w przysz\u0142ym roku znajd\u0105 si\u0119 oba samochody tej klasy na starcie w ELMS. &nbsp; Trzy [&hellip;]\" \/>\n<meta property=\"og:url\" content=\"https:\/\/intereuropolcompetition.eu\/pl\/ligier-lmp2-inter-europol-competition-team\/\" \/>\n<meta property=\"og:site_name\" content=\"Inter Europol Competition\" \/>\n<meta property=\"article:publisher\" content=\"https:\/\/www.facebook.com\/InterEuropolCompetition\" \/>\n<meta property=\"article:published_time\" content=\"2018-09-20T09:32:49+00:00\" \/>\n<meta property=\"article:modified_time\" content=\"2024-01-15T18:07:09+00:00\" \/>\n<meta property=\"og:image\" content=\"https:\/\/intereuropolcompetition.eu\/wp-content\/uploads\/2018\/10\/20.09.18.jpg\" \/>\n\t<meta property=\"og:image:width\" content=\"1024\" \/>\n\t<meta property=\"og:image:height\" content=\"704\" \/>\n\t<meta property=\"og:image:type\" content=\"image\/jpeg\" \/>\n<meta name=\"author\" content=\"Cara de Vlaming\" \/>\n<meta name=\"twitter:card\" content=\"summary_large_image\" \/>\n<meta name=\"twitter:creator\" content=\"@IE_Competition\" \/>\n<meta name=\"twitter:site\" content=\"@IE_Competition\" \/>\n<meta name=\"twitter:label1\" content=\"Napisane przez\" \/>\n\t<meta name=\"twitter:data1\" content=\"Cara de Vlaming\" \/>\n\t<meta name=\"twitter:label2\" content=\"Szacowany czas czytania\" \/>\n\t<meta name=\"twitter:data2\" content=\"3 minuty\" \/>\n<script type=\"application\/ld+json\" class=\"yoast-schema-graph\">{\"@context\":\"https:\\\/\\\/schema.org\",\"@graph\":[{\"@type\":\"Article\",\"@id\":\"https:\\\/\\\/intereuropolcompetition.eu\\\/ligier-lmp2-inter-europol-competition-team\\\/#article\",\"isPartOf\":{\"@id\":\"https:\\\/\\\/intereuropolcompetition.eu\\\/ligier-lmp2-inter-europol-competition-team\\\/\"},\"author\":{\"name\":\"Cara de Vlaming\",\"@id\":\"https:\\\/\\\/intereuropolcompetition.eu\\\/#\\\/schema\\\/person\\\/459947d960a8e158dfc7cd9cc7220259\"},\"headline\":\"Ligier LMP2 dla zespo\u0142u Inter Europol Competition\",\"datePublished\":\"2018-09-20T09:32:49+00:00\",\"dateModified\":\"2024-01-15T18:07:09+00:00\",\"mainEntityOfPage\":{\"@id\":\"https:\\\/\\\/intereuropolcompetition.eu\\\/ligier-lmp2-inter-europol-competition-team\\\/\"},\"wordCount\":721,\"commentCount\":0,\"image\":{\"@id\":\"https:\\\/\\\/intereuropolcompetition.eu\\\/ligier-lmp2-inter-europol-competition-team\\\/#primaryimage\"},\"thumbnailUrl\":\"https:\\\/\\\/intereuropolcompetition.eu\\\/wp-content\\\/uploads\\\/2018\\\/10\\\/20.09.18.jpg\",\"articleSection\":[\"News\"],\"inLanguage\":\"pl-PL\",\"potentialAction\":[{\"@type\":\"CommentAction\",\"name\":\"Comment\",\"target\":[\"https:\\\/\\\/intereuropolcompetition.eu\\\/ligier-lmp2-inter-europol-competition-team\\\/#respond\"]}]},{\"@type\":\"WebPage\",\"@id\":\"https:\\\/\\\/intereuropolcompetition.eu\\\/pl\\\/ligier-lmp2-inter-europol-competition-team\\\/\",\"url\":\"https:\\\/\\\/intereuropolcompetition.eu\\\/pl\\\/ligier-lmp2-inter-europol-competition-team\\\/\",\"name\":\"Ligier LMP2 dla zespo\u0142u Inter Europol Competition - Inter Europol Competition\",\"isPartOf\":{\"@id\":\"https:\\\/\\\/intereuropolcompetition.eu\\\/pl\\\/#website\"},\"primaryImageOfPage\":{\"@id\":\"https:\\\/\\\/intereuropolcompetition.eu\\\/pl\\\/ligier-lmp2-inter-europol-competition-team\\\/#primaryimage\"},\"image\":{\"@id\":\"https:\\\/\\\/intereuropolcompetition.eu\\\/ligier-lmp2-inter-europol-competition-team\\\/#primaryimage\"},\"thumbnailUrl\":\"https:\\\/\\\/intereuropolcompetition.eu\\\/wp-content\\\/uploads\\\/2018\\\/10\\\/20.09.18.jpg\",\"datePublished\":\"2018-09-20T09:32:49+00:00\",\"dateModified\":\"2024-01-15T18:07:09+00:00\",\"author\":{\"@id\":\"https:\\\/\\\/intereuropolcompetition.eu\\\/#\\\/schema\\\/person\\\/459947d960a8e158dfc7cd9cc7220259\"},\"breadcrumb\":{\"@id\":\"https:\\\/\\\/intereuropolcompetition.eu\\\/pl\\\/ligier-lmp2-inter-europol-competition-team\\\/#breadcrumb\"},\"inLanguage\":\"pl-PL\",\"potentialAction\":[{\"@type\":\"ReadAction\",\"target\":[[\"https:\\\/\\\/intereuropolcompetition.eu\\\/pl\\\/ligier-lmp2-inter-europol-competition-team\\\/\"]]}]},{\"@type\":\"ImageObject\",\"inLanguage\":\"pl-PL\",\"@id\":\"https:\\\/\\\/intereuropolcompetition.eu\\\/pl\\\/ligier-lmp2-inter-europol-competition-team\\\/#primaryimage\",\"url\":\"https:\\\/\\\/intereuropolcompetition.eu\\\/wp-content\\\/uploads\\\/2018\\\/10\\\/20.09.18.jpg\",\"contentUrl\":\"https:\\\/\\\/intereuropolcompetition.eu\\\/wp-content\\\/uploads\\\/2018\\\/10\\\/20.09.18.jpg\",\"width\":1024,\"height\":704},{\"@type\":\"BreadcrumbList\",\"@id\":\"https:\\\/\\\/intereuropolcompetition.eu\\\/pl\\\/ligier-lmp2-inter-europol-competition-team\\\/#breadcrumb\",\"itemListElement\":[{\"@type\":\"ListItem\",\"position\":1,\"name\":\"Home\",\"item\":\"https:\\\/\\\/intereuropolcompetition.eu\\\/pl\\\/\"},{\"@type\":\"ListItem\",\"position\":2,\"name\":\"Ligier LMP2 dla zespo\u0142u Inter Europol Competition\"}]},{\"@type\":\"WebSite\",\"@id\":\"https:\\\/\\\/intereuropolcompetition.eu\\\/pl\\\/#website\",\"url\":\"https:\\\/\\\/intereuropolcompetition.eu\\\/pl\\\/\",\"name\":\"Inter Europol Competition\",\"description\":\"Mi\u0119dzynarodowy zesp\u00f3\u0142 bior\u0105cy udzia\u0142 wy\u015bcigach serii VdeV, ELMS i BOSS GP\",\"potentialAction\":[{\"@type\":\"SearchAction\",\"target\":{\"@type\":\"EntryPoint\",\"urlTemplate\":\"https:\\\/\\\/intereuropolcompetition.eu\\\/pl\\\/?s={search_term_string}\"},\"query-input\":{\"@type\":\"PropertyValueSpecification\",\"valueRequired\":true,\"valueName\":\"search_term_string\"}}],\"inLanguage\":\"pl-PL\"},{\"@type\":\"Person\",\"@id\":\"https:\\\/\\\/intereuropolcompetition.eu\\\/#\\\/schema\\\/person\\\/459947d960a8e158dfc7cd9cc7220259\",\"name\":\"Cara de Vlaming\",\"image\":{\"@type\":\"ImageObject\",\"inLanguage\":\"pl-PL\",\"@id\":\"https:\\\/\\\/secure.gravatar.com\\\/avatar\\\/a48d60d0527b0a93011938faad782523447753d583c3267028c12cccd8330afe?s=96&d=blank&r=g\",\"url\":\"https:\\\/\\\/secure.gravatar.com\\\/avatar\\\/a48d60d0527b0a93011938faad782523447753d583c3267028c12cccd8330afe?s=96&d=blank&r=g\",\"contentUrl\":\"https:\\\/\\\/secure.gravatar.com\\\/avatar\\\/a48d60d0527b0a93011938faad782523447753d583c3267028c12cccd8330afe?s=96&d=blank&r=g\",\"caption\":\"Cara de Vlaming\"},\"url\":\"https:\\\/\\\/intereuropolcompetition.eu\\\/pl\\\/author\\\/cara\\\/\"}]}<\/script>\n<!-- \/ Yoast SEO plugin. -->","yoast_head_json":{"title":"Ligier LMP2 dla zespo\u0142u Inter Europol Competition - Inter Europol Competition","robots":{"index":"index","follow":"follow","max-snippet":"max-snippet:-1","max-image-preview":"max-image-preview:large","max-video-preview":"max-video-preview:-1"},"canonical":"https:\/\/intereuropolcompetition.eu\/pl\/ligier-lmp2-inter-europol-competition-team\/","og_locale":"pl_PL","og_type":"article","og_title":"Ligier LMP2 dla zespo\u0142u Inter Europol Competition - Inter Europol Competition","og_description":"Inter Europol Competition zmierzy si\u0119 ze swoim najwi\u0119kszym wyzwaniem jak dot\u0105d. Zesp\u00f3\u0142 kupi\u0142 Ligiera LMP2 i zamierza startowa\u0107 nim w sezonie 2019 w European Le Mans Series. Nie zmienia to jednak dotychczasowego programu LMP3 i w przysz\u0142ym roku znajd\u0105 si\u0119 oba samochody tej klasy na starcie w ELMS. &nbsp; Trzy [&hellip;]","og_url":"https:\/\/intereuropolcompetition.eu\/pl\/ligier-lmp2-inter-europol-competition-team\/","og_site_name":"Inter Europol Competition","article_publisher":"https:\/\/www.facebook.com\/InterEuropolCompetition","article_published_time":"2018-09-20T09:32:49+00:00","article_modified_time":"2024-01-15T18:07:09+00:00","og_image":[{"width":1024,"height":704,"url":"https:\/\/intereuropolcompetition.eu\/wp-content\/uploads\/2018\/10\/20.09.18.jpg","type":"image\/jpeg"}],"author":"Cara de Vlaming","twitter_card":"summary_large_image","twitter_creator":"@IE_Competition","twitter_site":"@IE_Competition","twitter_misc":{"Napisane przez":"Cara de Vlaming","Szacowany czas czytania":"3 minuty"},"schema":{"@context":"https:\/\/schema.org","@graph":[{"@type":"Article","@id":"https:\/\/intereuropolcompetition.eu\/ligier-lmp2-inter-europol-competition-team\/#article","isPartOf":{"@id":"https:\/\/intereuropolcompetition.eu\/ligier-lmp2-inter-europol-competition-team\/"},"author":{"name":"Cara de Vlaming","@id":"https:\/\/intereuropolcompetition.eu\/#\/schema\/person\/459947d960a8e158dfc7cd9cc7220259"},"headline":"Ligier LMP2 dla zespo\u0142u Inter Europol Competition","datePublished":"2018-09-20T09:32:49+00:00","dateModified":"2024-01-15T18:07:09+00:00","mainEntityOfPage":{"@id":"https:\/\/intereuropolcompetition.eu\/ligier-lmp2-inter-europol-competition-team\/"},"wordCount":721,"commentCount":0,"image":{"@id":"https:\/\/intereuropolcompetition.eu\/ligier-lmp2-inter-europol-competition-team\/#primaryimage"},"thumbnailUrl":"https:\/\/intereuropolcompetition.eu\/wp-content\/uploads\/2018\/10\/20.09.18.jpg","articleSection":["News"],"inLanguage":"pl-PL","potentialAction":[{"@type":"CommentAction","name":"Comment","target":["https:\/\/intereuropolcompetition.eu\/ligier-lmp2-inter-europol-competition-team\/#respond"]}]},{"@type":"WebPage","@id":"https:\/\/intereuropolcompetition.eu\/pl\/ligier-lmp2-inter-europol-competition-team\/","url":"https:\/\/intereuropolcompetition.eu\/pl\/ligier-lmp2-inter-europol-competition-team\/","name":"Ligier LMP2 dla zespo\u0142u Inter Europol Competition - Inter Europol Competition","isPartOf":{"@id":"https:\/\/intereuropolcompetition.eu\/pl\/#website"},"primaryImageOfPage":{"@id":"https:\/\/intereuropolcompetition.eu\/pl\/ligier-lmp2-inter-europol-competition-team\/#primaryimage"},"image":{"@id":"https:\/\/intereuropolcompetition.eu\/ligier-lmp2-inter-europol-competition-team\/#primaryimage"},"thumbnailUrl":"https:\/\/intereuropolcompetition.eu\/wp-content\/uploads\/2018\/10\/20.09.18.jpg","datePublished":"2018-09-20T09:32:49+00:00","dateModified":"2024-01-15T18:07:09+00:00","author":{"@id":"https:\/\/intereuropolcompetition.eu\/#\/schema\/person\/459947d960a8e158dfc7cd9cc7220259"},"breadcrumb":{"@id":"https:\/\/intereuropolcompetition.eu\/pl\/ligier-lmp2-inter-europol-competition-team\/#breadcrumb"},"inLanguage":"pl-PL","potentialAction":[{"@type":"ReadAction","target":[["https:\/\/intereuropolcompetition.eu\/pl\/ligier-lmp2-inter-europol-competition-team\/"]]}]},{"@type":"ImageObject","inLanguage":"pl-PL","@id":"https:\/\/intereuropolcompetition.eu\/pl\/ligier-lmp2-inter-europol-competition-team\/#primaryimage","url":"https:\/\/intereuropolcompetition.eu\/wp-content\/uploads\/2018\/10\/20.09.18.jpg","contentUrl":"https:\/\/intereuropolcompetition.eu\/wp-content\/uploads\/2018\/10\/20.09.18.jpg","width":1024,"height":704},{"@type":"BreadcrumbList","@id":"https:\/\/intereuropolcompetition.eu\/pl\/ligier-lmp2-inter-europol-competition-team\/#breadcrumb","itemListElement":[{"@type":"ListItem","position":1,"name":"Home","item":"https:\/\/intereuropolcompetition.eu\/pl\/"},{"@type":"ListItem","position":2,"name":"Ligier LMP2 dla zespo\u0142u Inter Europol Competition"}]},{"@type":"WebSite","@id":"https:\/\/intereuropolcompetition.eu\/pl\/#website","url":"https:\/\/intereuropolcompetition.eu\/pl\/","name":"Inter Europol Competition","description":"Mi\u0119dzynarodowy zesp\u00f3\u0142 bior\u0105cy udzia\u0142 wy\u015bcigach serii VdeV, ELMS i BOSS GP","potentialAction":[{"@type":"SearchAction","target":{"@type":"EntryPoint","urlTemplate":"https:\/\/intereuropolcompetition.eu\/pl\/?s={search_term_string}"},"query-input":{"@type":"PropertyValueSpecification","valueRequired":true,"valueName":"search_term_string"}}],"inLanguage":"pl-PL"},{"@type":"Person","@id":"https:\/\/intereuropolcompetition.eu\/#\/schema\/person\/459947d960a8e158dfc7cd9cc7220259","name":"Cara de Vlaming","image":{"@type":"ImageObject","inLanguage":"pl-PL","@id":"https:\/\/secure.gravatar.com\/avatar\/a48d60d0527b0a93011938faad782523447753d583c3267028c12cccd8330afe?s=96&d=blank&r=g","url":"https:\/\/secure.gravatar.com\/avatar\/a48d60d0527b0a93011938faad782523447753d583c3267028c12cccd8330afe?s=96&d=blank&r=g","contentUrl":"https:\/\/secure.gravatar.com\/avatar\/a48d60d0527b0a93011938faad782523447753d583c3267028c12cccd8330afe?s=96&d=blank&r=g","caption":"Cara de Vlaming"},"url":"https:\/\/intereuropolcompetition.eu\/pl\/author\/cara\/"}]}},"_links":{"self":[{"href":"https:\/\/intereuropolcompetition.eu\/pl\/wp-json\/wp\/v2\/posts\/16214","targetHints":{"allow":["GET"]}}],"collection":[{"href":"https:\/\/intereuropolcompetition.eu\/pl\/wp-json\/wp\/v2\/posts"}],"about":[{"href":"https:\/\/intereuropolcompetition.eu\/pl\/wp-json\/wp\/v2\/types\/post"}],"author":[{"embeddable":true,"href":"https:\/\/intereuropolcompetition.eu\/pl\/wp-json\/wp\/v2\/users\/3"}],"replies":[{"embeddable":true,"href":"https:\/\/intereuropolcompetition.eu\/pl\/wp-json\/wp\/v2\/comments?post=16214"}],"version-history":[{"count":1,"href":"https:\/\/intereuropolcompetition.eu\/pl\/wp-json\/wp\/v2\/posts\/16214\/revisions"}],"predecessor-version":[{"id":16604,"href":"https:\/\/intereuropolcompetition.eu\/pl\/wp-json\/wp\/v2\/posts\/16214\/revisions\/16604"}],"wp:featuredmedia":[{"embeddable":true,"href":"https:\/\/intereuropolcompetition.eu\/pl\/wp-json\/wp\/v2\/media\/16594"}],"wp:attachment":[{"href":"https:\/\/intereuropolcompetition.eu\/pl\/wp-json\/wp\/v2\/media?parent=16214"}],"wp:term":[{"taxonomy":"category","embeddable":true,"href":"https:\/\/intereuropolcompetition.eu\/pl\/wp-json\/wp\/v2\/categories?post=16214"},{"taxonomy":"post_tag","embeddable":true,"href":"https:\/\/intereuropolcompetition.eu\/pl\/wp-json\/wp\/v2\/tags?post=16214"}],"curies":[{"name":"wp","href":"https:\/\/api.w.org\/{rel}","templated":true}]}}