{"id":16062,"date":"2014-08-29T14:06:36","date_gmt":"2014-08-29T12:06:36","guid":{"rendered":"https:\/\/intereuropolcompetition.eu\/?p=16062"},"modified":"2024-01-15T14:38:10","modified_gmt":"2024-01-15T13:38:10","slug":"spa-francorchamps-belgium","status":"publish","type":"post","link":"https:\/\/intereuropolcompetition.eu\/pl\/spa-francorchamps-belgium\/","title":{"rendered":"Spa-Francorchamps (Belgia)"},"content":{"rendered":"<p>Nied\u0142ugo po uzyskaniu podium w Remus Formula Cup na Red Bull Ringu, David Richert wr\u00f3ci\u0142 za kierownic\u0119 aby wzi\u0105\u0107 udzia\u0142 w kolejnej rundzie bardzo wymagaj\u0105cej serii NEC na torze w Spa-Francorchamps. W wy\u015bcigu przepe\u0142nionym licznymi wypadkami i d\u0142ugimi okresami, w kt\u00f3rych stawce przewodzi\u0142 samoch\u00f3d bezpiecze\u0144stwa, David Richert, jedyny kierowca z Kanady by\u0142 w stanie przetrwa\u0107 ten chaos i dowie\u017a\u0107 do mety cenne punkty za 18 miejsce. Zwyci\u0119stwo w wy\u015bcigu przypad\u0142o holenderskiemu kierowcy, Steijnowi Schothorstowi, po tym jak Kevin Jorg dosta\u0142 kar\u0119 doliczenia 30 sekund do ko\u0144cowego wyniku za falstart.<\/p>\n<p>\u201cPodczas wy\u015bcigu mia\u0142o si\u0119 wra\u017cenie, \u017ce na ka\u017cdym k\u00f3\u0142ku zdarza\u0142 si\u0119 jaki\u015b wypadek i musia\u0142em omija\u0107 samochody, kt\u00f3re obkr\u0119ci\u0142y si\u0119 na torze. Jestem bardzo zadowolony z post\u0119pu, kt\u00f3re poczynili\u015bmy w ten weekend i nie mog\u0119 si\u0119 ju\u017c doczeka\u0107 wyjazdu na kolejne zawody. Jestem o krok od walki z reszt\u0105 stawki.&#8221; &#8211; powiedzia\u0142 David po ostatnim wy\u015bcigu.<\/p>\n<p>www.richertracing.com<\/p>","protected":false},"excerpt":{"rendered":"<p>Nied\u0142ugo po uzyskaniu podium w Remus Formula Cup na Red Bull Ringu, David Richert wr\u00f3ci\u0142 za kierownic\u0119 aby wzi\u0105\u0107 udzia\u0142 w kolejnej rundzie bardzo wymagaj\u0105cej serii NEC na torze w Spa-Francorchamps. W wy\u015bcigu przepe\u0142nionym licznymi wypadkami i d\u0142ugimi okresami, w kt\u00f3rych stawce przewodzi\u0142 samoch\u00f3d bezpiecze\u0144stwa, David Richert, jedyny kierowca z [&hellip;]<\/p>\n","protected":false},"author":9,"featured_media":1763,"comment_status":"open","ping_status":"open","sticky":false,"template":"","format":"standard","meta":{"footnotes":""},"categories":[50],"tags":[],"class_list":["post-16062","post","type-post","status-publish","format-standard","has-post-thumbnail","hentry","category-news"],"yoast_head":"<!-- This site is optimized with the Yoast SEO plugin v27.5 - https:\/\/yoast.com\/product\/yoast-seo-wordpress\/ -->\n<title>Spa-Francorchamps (Belgia) - Inter Europol Competition<\/title>\n<meta name=\"robots\" content=\"index, follow, max-snippet:-1, max-image-preview:large, max-video-preview:-1\" \/>\n<link rel=\"canonical\" href=\"https:\/\/intereuropolcompetition.eu\/pl\/spa-francorchamps-belgium\/\" \/>\n<meta property=\"og:locale\" content=\"pl_PL\" \/>\n<meta property=\"og:type\" content=\"article\" \/>\n<meta property=\"og:title\" content=\"Spa-Francorchamps (Belgia) - Inter Europol Competition\" \/>\n<meta property=\"og:description\" content=\"Nied\u0142ugo po uzyskaniu podium w Remus Formula Cup na Red Bull Ringu, David Richert wr\u00f3ci\u0142 za kierownic\u0119 aby wzi\u0105\u0107 udzia\u0142 w kolejnej rundzie bardzo wymagaj\u0105cej serii NEC na torze w Spa-Francorchamps. W wy\u015bcigu przepe\u0142nionym licznymi wypadkami i d\u0142ugimi okresami, w kt\u00f3rych stawce przewodzi\u0142 samoch\u00f3d bezpiecze\u0144stwa, David Richert, jedyny kierowca z [&hellip;]\" \/>\n<meta property=\"og:url\" content=\"https:\/\/intereuropolcompetition.eu\/pl\/spa-francorchamps-belgium\/\" \/>\n<meta property=\"og:site_name\" content=\"Inter Europol Competition\" \/>\n<meta property=\"article:publisher\" content=\"https:\/\/www.facebook.com\/InterEuropolCompetition\" \/>\n<meta property=\"article:published_time\" content=\"2014-08-29T12:06:36+00:00\" \/>\n<meta property=\"article:modified_time\" content=\"2024-01-15T13:38:10+00:00\" \/>\n<meta property=\"og:image\" content=\"https:\/\/intereuropolcompetition.eu\/wp-content\/uploads\/2014\/08\/spa-richert.jpg\" \/>\n\t<meta property=\"og:image:width\" content=\"960\" \/>\n\t<meta property=\"og:image:height\" content=\"697\" \/>\n\t<meta property=\"og:image:type\" content=\"image\/jpeg\" \/>\n<meta name=\"author\" content=\"Julia Wr\u00f3bel\" \/>\n<meta name=\"twitter:card\" content=\"summary_large_image\" \/>\n<meta name=\"twitter:creator\" content=\"@IE_Competition\" \/>\n<meta name=\"twitter:site\" content=\"@IE_Competition\" \/>\n<meta name=\"twitter:label1\" content=\"Napisane przez\" \/>\n\t<meta name=\"twitter:data1\" content=\"Julia Wr\u00f3bel\" \/>\n\t<meta name=\"twitter:label2\" content=\"Szacowany czas czytania\" \/>\n\t<meta name=\"twitter:data2\" content=\"2 minuty\" \/>\n<script type=\"application\/ld+json\" class=\"yoast-schema-graph\">{\"@context\":\"https:\\\/\\\/schema.org\",\"@graph\":[{\"@type\":\"Article\",\"@id\":\"https:\\\/\\\/intereuropolcompetition.eu\\\/spa-francorchamps-belgium\\\/#article\",\"isPartOf\":{\"@id\":\"https:\\\/\\\/intereuropolcompetition.eu\\\/spa-francorchamps-belgium\\\/\"},\"author\":{\"name\":\"Julia Wr\u00f3bel\",\"@id\":\"https:\\\/\\\/intereuropolcompetition.eu\\\/#\\\/schema\\\/person\\\/d453b01d0bf12cd0e445e5a7c3a268df\"},\"headline\":\"Spa-Francorchamps (Belgia)\",\"datePublished\":\"2014-08-29T12:06:36+00:00\",\"dateModified\":\"2024-01-15T13:38:10+00:00\",\"mainEntityOfPage\":{\"@id\":\"https:\\\/\\\/intereuropolcompetition.eu\\\/spa-francorchamps-belgium\\\/\"},\"wordCount\":384,\"commentCount\":0,\"image\":{\"@id\":\"https:\\\/\\\/intereuropolcompetition.eu\\\/spa-francorchamps-belgium\\\/#primaryimage\"},\"thumbnailUrl\":\"https:\\\/\\\/intereuropolcompetition.eu\\\/wp-content\\\/uploads\\\/2014\\\/08\\\/spa-richert.jpg\",\"articleSection\":[\"News\"],\"inLanguage\":\"pl-PL\",\"potentialAction\":[{\"@type\":\"CommentAction\",\"name\":\"Comment\",\"target\":[\"https:\\\/\\\/intereuropolcompetition.eu\\\/spa-francorchamps-belgium\\\/#respond\"]}]},{\"@type\":\"WebPage\",\"@id\":\"https:\\\/\\\/intereuropolcompetition.eu\\\/pl\\\/spa-francorchamps-belgium\\\/\",\"url\":\"https:\\\/\\\/intereuropolcompetition.eu\\\/pl\\\/spa-francorchamps-belgium\\\/\",\"name\":\"Spa-Francorchamps (Belgia) - Inter Europol Competition\",\"isPartOf\":{\"@id\":\"https:\\\/\\\/intereuropolcompetition.eu\\\/pl\\\/#website\"},\"primaryImageOfPage\":{\"@id\":\"https:\\\/\\\/intereuropolcompetition.eu\\\/pl\\\/spa-francorchamps-belgium\\\/#primaryimage\"},\"image\":{\"@id\":\"https:\\\/\\\/intereuropolcompetition.eu\\\/spa-francorchamps-belgium\\\/#primaryimage\"},\"thumbnailUrl\":\"https:\\\/\\\/intereuropolcompetition.eu\\\/wp-content\\\/uploads\\\/2014\\\/08\\\/spa-richert.jpg\",\"datePublished\":\"2014-08-29T12:06:36+00:00\",\"dateModified\":\"2024-01-15T13:38:10+00:00\",\"author\":{\"@id\":\"https:\\\/\\\/intereuropolcompetition.eu\\\/#\\\/schema\\\/person\\\/d453b01d0bf12cd0e445e5a7c3a268df\"},\"breadcrumb\":{\"@id\":\"https:\\\/\\\/intereuropolcompetition.eu\\\/pl\\\/spa-francorchamps-belgium\\\/#breadcrumb\"},\"inLanguage\":\"pl-PL\",\"potentialAction\":[{\"@type\":\"ReadAction\",\"target\":[[\"https:\\\/\\\/intereuropolcompetition.eu\\\/pl\\\/spa-francorchamps-belgium\\\/\"]]}]},{\"@type\":\"ImageObject\",\"inLanguage\":\"pl-PL\",\"@id\":\"https:\\\/\\\/intereuropolcompetition.eu\\\/pl\\\/spa-francorchamps-belgium\\\/#primaryimage\",\"url\":\"https:\\\/\\\/intereuropolcompetition.eu\\\/wp-content\\\/uploads\\\/2014\\\/08\\\/spa-richert.jpg\",\"contentUrl\":\"https:\\\/\\\/intereuropolcompetition.eu\\\/wp-content\\\/uploads\\\/2014\\\/08\\\/spa-richert.jpg\",\"width\":960,\"height\":697},{\"@type\":\"BreadcrumbList\",\"@id\":\"https:\\\/\\\/intereuropolcompetition.eu\\\/pl\\\/spa-francorchamps-belgium\\\/#breadcrumb\",\"itemListElement\":[{\"@type\":\"ListItem\",\"position\":1,\"name\":\"Home\",\"item\":\"https:\\\/\\\/intereuropolcompetition.eu\\\/pl\\\/\"},{\"@type\":\"ListItem\",\"position\":2,\"name\":\"Spa-Francorchamps (Belgium)\"}]},{\"@type\":\"WebSite\",\"@id\":\"https:\\\/\\\/intereuropolcompetition.eu\\\/pl\\\/#website\",\"url\":\"https:\\\/\\\/intereuropolcompetition.eu\\\/pl\\\/\",\"name\":\"Inter Europol Competition\",\"description\":\"Mi\u0119dzynarodowy zesp\u00f3\u0142 bior\u0105cy udzia\u0142 wy\u015bcigach serii VdeV, ELMS i BOSS GP\",\"potentialAction\":[{\"@type\":\"SearchAction\",\"target\":{\"@type\":\"EntryPoint\",\"urlTemplate\":\"https:\\\/\\\/intereuropolcompetition.eu\\\/pl\\\/?s={search_term_string}\"},\"query-input\":{\"@type\":\"PropertyValueSpecification\",\"valueRequired\":true,\"valueName\":\"search_term_string\"}}],\"inLanguage\":\"pl-PL\"},{\"@type\":\"Person\",\"@id\":\"https:\\\/\\\/intereuropolcompetition.eu\\\/#\\\/schema\\\/person\\\/d453b01d0bf12cd0e445e5a7c3a268df\",\"name\":\"Julia Wr\u00f3bel\",\"image\":{\"@type\":\"ImageObject\",\"inLanguage\":\"pl-PL\",\"@id\":\"https:\\\/\\\/secure.gravatar.com\\\/avatar\\\/6e8a97a41e2716729d2a0f5fc3d42c4b3e8b2f4711057b424f47a089006f0d3e?s=96&d=blank&r=g\",\"url\":\"https:\\\/\\\/secure.gravatar.com\\\/avatar\\\/6e8a97a41e2716729d2a0f5fc3d42c4b3e8b2f4711057b424f47a089006f0d3e?s=96&d=blank&r=g\",\"contentUrl\":\"https:\\\/\\\/secure.gravatar.com\\\/avatar\\\/6e8a97a41e2716729d2a0f5fc3d42c4b3e8b2f4711057b424f47a089006f0d3e?s=96&d=blank&r=g\",\"caption\":\"Julia Wr\u00f3bel\"},\"url\":\"https:\\\/\\\/intereuropolcompetition.eu\\\/pl\\\/author\\\/jwrobel\\\/\"}]}<\/script>\n<!-- \/ Yoast SEO plugin. -->","yoast_head_json":{"title":"Spa-Francorchamps (Belgia) - Inter Europol Competition","robots":{"index":"index","follow":"follow","max-snippet":"max-snippet:-1","max-image-preview":"max-image-preview:large","max-video-preview":"max-video-preview:-1"},"canonical":"https:\/\/intereuropolcompetition.eu\/pl\/spa-francorchamps-belgium\/","og_locale":"pl_PL","og_type":"article","og_title":"Spa-Francorchamps (Belgia) - Inter Europol Competition","og_description":"Nied\u0142ugo po uzyskaniu podium w Remus Formula Cup na Red Bull Ringu, David Richert wr\u00f3ci\u0142 za kierownic\u0119 aby wzi\u0105\u0107 udzia\u0142 w kolejnej rundzie bardzo wymagaj\u0105cej serii NEC na torze w Spa-Francorchamps. W wy\u015bcigu przepe\u0142nionym licznymi wypadkami i d\u0142ugimi okresami, w kt\u00f3rych stawce przewodzi\u0142 samoch\u00f3d bezpiecze\u0144stwa, David Richert, jedyny kierowca z [&hellip;]","og_url":"https:\/\/intereuropolcompetition.eu\/pl\/spa-francorchamps-belgium\/","og_site_name":"Inter Europol Competition","article_publisher":"https:\/\/www.facebook.com\/InterEuropolCompetition","article_published_time":"2014-08-29T12:06:36+00:00","article_modified_time":"2024-01-15T13:38:10+00:00","og_image":[{"width":960,"height":697,"url":"https:\/\/intereuropolcompetition.eu\/wp-content\/uploads\/2014\/08\/spa-richert.jpg","type":"image\/jpeg"}],"author":"Julia Wr\u00f3bel","twitter_card":"summary_large_image","twitter_creator":"@IE_Competition","twitter_site":"@IE_Competition","twitter_misc":{"Napisane przez":"Julia Wr\u00f3bel","Szacowany czas czytania":"2 minuty"},"schema":{"@context":"https:\/\/schema.org","@graph":[{"@type":"Article","@id":"https:\/\/intereuropolcompetition.eu\/spa-francorchamps-belgium\/#article","isPartOf":{"@id":"https:\/\/intereuropolcompetition.eu\/spa-francorchamps-belgium\/"},"author":{"name":"Julia Wr\u00f3bel","@id":"https:\/\/intereuropolcompetition.eu\/#\/schema\/person\/d453b01d0bf12cd0e445e5a7c3a268df"},"headline":"Spa-Francorchamps (Belgia)","datePublished":"2014-08-29T12:06:36+00:00","dateModified":"2024-01-15T13:38:10+00:00","mainEntityOfPage":{"@id":"https:\/\/intereuropolcompetition.eu\/spa-francorchamps-belgium\/"},"wordCount":384,"commentCount":0,"image":{"@id":"https:\/\/intereuropolcompetition.eu\/spa-francorchamps-belgium\/#primaryimage"},"thumbnailUrl":"https:\/\/intereuropolcompetition.eu\/wp-content\/uploads\/2014\/08\/spa-richert.jpg","articleSection":["News"],"inLanguage":"pl-PL","potentialAction":[{"@type":"CommentAction","name":"Comment","target":["https:\/\/intereuropolcompetition.eu\/spa-francorchamps-belgium\/#respond"]}]},{"@type":"WebPage","@id":"https:\/\/intereuropolcompetition.eu\/pl\/spa-francorchamps-belgium\/","url":"https:\/\/intereuropolcompetition.eu\/pl\/spa-francorchamps-belgium\/","name":"Spa-Francorchamps (Belgia) - Inter Europol Competition","isPartOf":{"@id":"https:\/\/intereuropolcompetition.eu\/pl\/#website"},"primaryImageOfPage":{"@id":"https:\/\/intereuropolcompetition.eu\/pl\/spa-francorchamps-belgium\/#primaryimage"},"image":{"@id":"https:\/\/intereuropolcompetition.eu\/spa-francorchamps-belgium\/#primaryimage"},"thumbnailUrl":"https:\/\/intereuropolcompetition.eu\/wp-content\/uploads\/2014\/08\/spa-richert.jpg","datePublished":"2014-08-29T12:06:36+00:00","dateModified":"2024-01-15T13:38:10+00:00","author":{"@id":"https:\/\/intereuropolcompetition.eu\/#\/schema\/person\/d453b01d0bf12cd0e445e5a7c3a268df"},"breadcrumb":{"@id":"https:\/\/intereuropolcompetition.eu\/pl\/spa-francorchamps-belgium\/#breadcrumb"},"inLanguage":"pl-PL","potentialAction":[{"@type":"ReadAction","target":[["https:\/\/intereuropolcompetition.eu\/pl\/spa-francorchamps-belgium\/"]]}]},{"@type":"ImageObject","inLanguage":"pl-PL","@id":"https:\/\/intereuropolcompetition.eu\/pl\/spa-francorchamps-belgium\/#primaryimage","url":"https:\/\/intereuropolcompetition.eu\/wp-content\/uploads\/2014\/08\/spa-richert.jpg","contentUrl":"https:\/\/intereuropolcompetition.eu\/wp-content\/uploads\/2014\/08\/spa-richert.jpg","width":960,"height":697},{"@type":"BreadcrumbList","@id":"https:\/\/intereuropolcompetition.eu\/pl\/spa-francorchamps-belgium\/#breadcrumb","itemListElement":[{"@type":"ListItem","position":1,"name":"Home","item":"https:\/\/intereuropolcompetition.eu\/pl\/"},{"@type":"ListItem","position":2,"name":"Spa-Francorchamps (Belgium)"}]},{"@type":"WebSite","@id":"https:\/\/intereuropolcompetition.eu\/pl\/#website","url":"https:\/\/intereuropolcompetition.eu\/pl\/","name":"Inter Europol Competition","description":"Mi\u0119dzynarodowy zesp\u00f3\u0142 bior\u0105cy udzia\u0142 wy\u015bcigach serii VdeV, ELMS i BOSS GP","potentialAction":[{"@type":"SearchAction","target":{"@type":"EntryPoint","urlTemplate":"https:\/\/intereuropolcompetition.eu\/pl\/?s={search_term_string}"},"query-input":{"@type":"PropertyValueSpecification","valueRequired":true,"valueName":"search_term_string"}}],"inLanguage":"pl-PL"},{"@type":"Person","@id":"https:\/\/intereuropolcompetition.eu\/#\/schema\/person\/d453b01d0bf12cd0e445e5a7c3a268df","name":"Julia Wr\u00f3bel","image":{"@type":"ImageObject","inLanguage":"pl-PL","@id":"https:\/\/secure.gravatar.com\/avatar\/6e8a97a41e2716729d2a0f5fc3d42c4b3e8b2f4711057b424f47a089006f0d3e?s=96&d=blank&r=g","url":"https:\/\/secure.gravatar.com\/avatar\/6e8a97a41e2716729d2a0f5fc3d42c4b3e8b2f4711057b424f47a089006f0d3e?s=96&d=blank&r=g","contentUrl":"https:\/\/secure.gravatar.com\/avatar\/6e8a97a41e2716729d2a0f5fc3d42c4b3e8b2f4711057b424f47a089006f0d3e?s=96&d=blank&r=g","caption":"Julia Wr\u00f3bel"},"url":"https:\/\/intereuropolcompetition.eu\/pl\/author\/jwrobel\/"}]}},"_links":{"self":[{"href":"https:\/\/intereuropolcompetition.eu\/pl\/wp-json\/wp\/v2\/posts\/16062","targetHints":{"allow":["GET"]}}],"collection":[{"href":"https:\/\/intereuropolcompetition.eu\/pl\/wp-json\/wp\/v2\/posts"}],"about":[{"href":"https:\/\/intereuropolcompetition.eu\/pl\/wp-json\/wp\/v2\/types\/post"}],"author":[{"embeddable":true,"href":"https:\/\/intereuropolcompetition.eu\/pl\/wp-json\/wp\/v2\/users\/9"}],"replies":[{"embeddable":true,"href":"https:\/\/intereuropolcompetition.eu\/pl\/wp-json\/wp\/v2\/comments?post=16062"}],"version-history":[{"count":1,"href":"https:\/\/intereuropolcompetition.eu\/pl\/wp-json\/wp\/v2\/posts\/16062\/revisions"}],"predecessor-version":[{"id":16075,"href":"https:\/\/intereuropolcompetition.eu\/pl\/wp-json\/wp\/v2\/posts\/16062\/revisions\/16075"}],"wp:featuredmedia":[{"embeddable":true,"href":"https:\/\/intereuropolcompetition.eu\/pl\/wp-json\/wp\/v2\/media\/1763"}],"wp:attachment":[{"href":"https:\/\/intereuropolcompetition.eu\/pl\/wp-json\/wp\/v2\/media?parent=16062"}],"wp:term":[{"taxonomy":"category","embeddable":true,"href":"https:\/\/intereuropolcompetition.eu\/pl\/wp-json\/wp\/v2\/categories?post=16062"},{"taxonomy":"post_tag","embeddable":true,"href":"https:\/\/intereuropolcompetition.eu\/pl\/wp-json\/wp\/v2\/tags?post=16062"}],"curies":[{"name":"wp","href":"https:\/\/api.w.org\/{rel}","templated":true}]}}