{"id":16264,"date":"2019-11-05T12:10:16","date_gmt":"2019-11-05T11:10:16","guid":{"rendered":"https:\/\/test2.intereuropolcompetition.eu\/?p=3213"},"modified":"2024-01-15T18:35:56","modified_gmt":"2024-01-15T17:35:56","slug":"beche-and-winslow-join-smiechowski-2","status":"publish","type":"post","link":"https:\/\/intereuropolcompetition.eu\/en\/beche-and-winslow-join-smiechowski-2\/","title":{"rendered":"Beche and Winslow join Smiechowski"},"content":{"rendered":"<p><strong>Kuba Smiechowski will share the #34 LMP2 with Mathias Beche and James Winslow in the 2019 \u2013 2020 season of the Asian Le Mans Series.<\/strong><\/p>\n<p><strong>\u00a0<\/strong><\/p>\n<p><strong>Mathias Beche:<\/strong> \u201cI\u2019m happy to continue the development process with the team, and I\u2019m confident we are going in the right direction. I am very happy to share the car with Kuba, who has the potential to be one of the best silver drivers, and with James with whom I won in Asia. The target is simple, we want to win the championship and we will give it everything.\u201d<\/p>\n<p>&nbsp;<\/p>\n<p><strong>James Winslow:<\/strong> \u201cIt\u2019s a great pleasure to be joining Inter Europol Competition team. The team and I started our journey together this year at the Le Mans 24hrs and we really jelled as team. I\u2019m excited to co-drive again with Kuba after a good Le Mans 24 and also with Mathias Beche whom I know well and enjoyed championship glory\u00a0in previous years. The Asian Le Mans Series is looking strong again this year and with the inclusion of an Australian round this season at Adelaide\u2019s \u2018The Bend Motorsport Park\u2019, a circuit close to my heart and on my all-time favourites list, I\u2019m excited and confident of the challenge ahead with a strong team by my side.\u201d<\/p>\n<p>&nbsp;<\/p>\n<p><strong>Sascha Fassbender (team manager):<\/strong> \u201cIt is good to have team mates who get along so well as Mathias, James and Kuba do. They all have the speed and the team spirit to go for gold.\u201d<\/p>","protected":false},"excerpt":{"rendered":"<p>Kuba Smiechowski will share the #34 LMP2 with Mathias Beche and James Winslow in the 2019 \u2013 2020 season of the Asian Le Mans Series. \u00a0 Mathias Beche: \u201cI\u2019m happy to continue the development process with the team, and I\u2019m confident we are going in the right direction. I am [&hellip;]<\/p>\n","protected":false},"author":3,"featured_media":16487,"comment_status":"open","ping_status":"open","sticky":false,"template":"","format":"standard","meta":{"footnotes":""},"categories":[50],"tags":[],"class_list":["post-16264","post","type-post","status-publish","format-standard","has-post-thumbnail","hentry","category-news"],"yoast_head":"<!-- This site is optimized with the Yoast SEO plugin v27.5 - https:\/\/yoast.com\/product\/yoast-seo-wordpress\/ -->\n<title>Beche and Winslow join Smiechowski - Inter Europol Competition<\/title>\n<meta name=\"robots\" content=\"index, follow, max-snippet:-1, max-image-preview:large, max-video-preview:-1\" \/>\n<link rel=\"canonical\" href=\"https:\/\/intereuropolcompetition.eu\/en\/beche-and-winslow-join-smiechowski-2\/\" \/>\n<meta property=\"og:locale\" content=\"en_US\" \/>\n<meta property=\"og:type\" content=\"article\" \/>\n<meta property=\"og:title\" content=\"Beche and Winslow join Smiechowski - Inter Europol Competition\" \/>\n<meta property=\"og:description\" content=\"Kuba Smiechowski will share the #34 LMP2 with Mathias Beche and James Winslow in the 2019 \u2013 2020 season of the Asian Le Mans Series. \u00a0 Mathias Beche: \u201cI\u2019m happy to continue the development process with the team, and I\u2019m confident we are going in the right direction. I am [&hellip;]\" \/>\n<meta property=\"og:url\" content=\"https:\/\/intereuropolcompetition.eu\/en\/beche-and-winslow-join-smiechowski-2\/\" \/>\n<meta property=\"og:site_name\" content=\"Inter Europol Competition\" \/>\n<meta property=\"article:publisher\" content=\"https:\/\/www.facebook.com\/InterEuropolCompetition\" \/>\n<meta property=\"article:published_time\" content=\"2019-11-05T11:10:16+00:00\" \/>\n<meta property=\"article:modified_time\" content=\"2024-01-15T17:35:56+00:00\" \/>\n<meta property=\"og:image\" content=\"https:\/\/intereuropolcompetition.eu\/wp-content\/uploads\/2019\/12\/05.11.19.jpg\" \/>\n\t<meta property=\"og:image:width\" content=\"1024\" \/>\n\t<meta property=\"og:image:height\" content=\"683\" \/>\n\t<meta property=\"og:image:type\" content=\"image\/jpeg\" \/>\n<meta name=\"author\" content=\"Cara de Vlaming\" \/>\n<meta name=\"twitter:card\" content=\"summary_large_image\" \/>\n<meta name=\"twitter:creator\" content=\"@IE_Competition\" \/>\n<meta name=\"twitter:site\" content=\"@IE_Competition\" \/>\n<meta name=\"twitter:label1\" content=\"Written by\" \/>\n\t<meta name=\"twitter:data1\" content=\"Cara de Vlaming\" \/>\n\t<meta name=\"twitter:label2\" content=\"Est. reading time\" \/>\n\t<meta name=\"twitter:data2\" content=\"2 minutes\" \/>\n<script type=\"application\/ld+json\" class=\"yoast-schema-graph\">{\"@context\":\"https:\\\/\\\/schema.org\",\"@graph\":[{\"@type\":\"Article\",\"@id\":\"https:\\\/\\\/intereuropolcompetition.eu\\\/beche-and-winslow-join-smiechowski-2\\\/#article\",\"isPartOf\":{\"@id\":\"https:\\\/\\\/intereuropolcompetition.eu\\\/beche-and-winslow-join-smiechowski-2\\\/\"},\"author\":{\"name\":\"Cara de Vlaming\",\"@id\":\"https:\\\/\\\/intereuropolcompetition.eu\\\/#\\\/schema\\\/person\\\/459947d960a8e158dfc7cd9cc7220259\"},\"headline\":\"Beche and Winslow join Smiechowski\",\"datePublished\":\"2019-11-05T11:10:16+00:00\",\"dateModified\":\"2024-01-15T17:35:56+00:00\",\"mainEntityOfPage\":{\"@id\":\"https:\\\/\\\/intereuropolcompetition.eu\\\/beche-and-winslow-join-smiechowski-2\\\/\"},\"wordCount\":523,\"commentCount\":0,\"image\":{\"@id\":\"https:\\\/\\\/intereuropolcompetition.eu\\\/beche-and-winslow-join-smiechowski-2\\\/#primaryimage\"},\"thumbnailUrl\":\"https:\\\/\\\/intereuropolcompetition.eu\\\/wp-content\\\/uploads\\\/2019\\\/12\\\/05.11.19.jpg\",\"articleSection\":[\"News\"],\"inLanguage\":\"en-US\",\"potentialAction\":[{\"@type\":\"CommentAction\",\"name\":\"Comment\",\"target\":[\"https:\\\/\\\/intereuropolcompetition.eu\\\/beche-and-winslow-join-smiechowski-2\\\/#respond\"]}]},{\"@type\":\"WebPage\",\"@id\":\"https:\\\/\\\/intereuropolcompetition.eu\\\/en\\\/beche-and-winslow-join-smiechowski-2\\\/\",\"url\":\"https:\\\/\\\/intereuropolcompetition.eu\\\/en\\\/beche-and-winslow-join-smiechowski-2\\\/\",\"name\":\"Beche and Winslow join Smiechowski - Inter Europol Competition\",\"isPartOf\":{\"@id\":\"https:\\\/\\\/intereuropolcompetition.eu\\\/en\\\/#website\"},\"primaryImageOfPage\":{\"@id\":\"https:\\\/\\\/intereuropolcompetition.eu\\\/en\\\/beche-and-winslow-join-smiechowski-2\\\/#primaryimage\"},\"image\":{\"@id\":\"https:\\\/\\\/intereuropolcompetition.eu\\\/beche-and-winslow-join-smiechowski-2\\\/#primaryimage\"},\"thumbnailUrl\":\"https:\\\/\\\/intereuropolcompetition.eu\\\/wp-content\\\/uploads\\\/2019\\\/12\\\/05.11.19.jpg\",\"datePublished\":\"2019-11-05T11:10:16+00:00\",\"dateModified\":\"2024-01-15T17:35:56+00:00\",\"author\":{\"@id\":\"https:\\\/\\\/intereuropolcompetition.eu\\\/#\\\/schema\\\/person\\\/459947d960a8e158dfc7cd9cc7220259\"},\"breadcrumb\":{\"@id\":\"https:\\\/\\\/intereuropolcompetition.eu\\\/en\\\/beche-and-winslow-join-smiechowski-2\\\/#breadcrumb\"},\"inLanguage\":\"en-US\",\"potentialAction\":[{\"@type\":\"ReadAction\",\"target\":[[\"https:\\\/\\\/intereuropolcompetition.eu\\\/en\\\/beche-and-winslow-join-smiechowski-2\\\/\"]]}]},{\"@type\":\"ImageObject\",\"inLanguage\":\"en-US\",\"@id\":\"https:\\\/\\\/intereuropolcompetition.eu\\\/en\\\/beche-and-winslow-join-smiechowski-2\\\/#primaryimage\",\"url\":\"https:\\\/\\\/intereuropolcompetition.eu\\\/wp-content\\\/uploads\\\/2019\\\/12\\\/05.11.19.jpg\",\"contentUrl\":\"https:\\\/\\\/intereuropolcompetition.eu\\\/wp-content\\\/uploads\\\/2019\\\/12\\\/05.11.19.jpg\",\"width\":1024,\"height\":683},{\"@type\":\"BreadcrumbList\",\"@id\":\"https:\\\/\\\/intereuropolcompetition.eu\\\/en\\\/beche-and-winslow-join-smiechowski-2\\\/#breadcrumb\",\"itemListElement\":[{\"@type\":\"ListItem\",\"position\":1,\"name\":\"Home\",\"item\":\"https:\\\/\\\/intereuropolcompetition.eu\\\/en\\\/\"},{\"@type\":\"ListItem\",\"position\":2,\"name\":\"Beche i Winslow do\u0142\u0105cz\u0105 do \u015amiechowskiego\"}]},{\"@type\":\"WebSite\",\"@id\":\"https:\\\/\\\/intereuropolcompetition.eu\\\/en\\\/#website\",\"url\":\"https:\\\/\\\/intereuropolcompetition.eu\\\/en\\\/\",\"name\":\"Inter Europol Competition\",\"description\":\"An international team taking part in the VDEV, ELMS and BOSS GP races\",\"potentialAction\":[{\"@type\":\"SearchAction\",\"target\":{\"@type\":\"EntryPoint\",\"urlTemplate\":\"https:\\\/\\\/intereuropolcompetition.eu\\\/en\\\/?s={search_term_string}\"},\"query-input\":{\"@type\":\"PropertyValueSpecification\",\"valueRequired\":true,\"valueName\":\"search_term_string\"}}],\"inLanguage\":\"en-US\"},{\"@type\":\"Person\",\"@id\":\"https:\\\/\\\/intereuropolcompetition.eu\\\/#\\\/schema\\\/person\\\/459947d960a8e158dfc7cd9cc7220259\",\"name\":\"Cara de Vlaming\",\"image\":{\"@type\":\"ImageObject\",\"inLanguage\":\"en-US\",\"@id\":\"https:\\\/\\\/secure.gravatar.com\\\/avatar\\\/a48d60d0527b0a93011938faad782523447753d583c3267028c12cccd8330afe?s=96&d=blank&r=g\",\"url\":\"https:\\\/\\\/secure.gravatar.com\\\/avatar\\\/a48d60d0527b0a93011938faad782523447753d583c3267028c12cccd8330afe?s=96&d=blank&r=g\",\"contentUrl\":\"https:\\\/\\\/secure.gravatar.com\\\/avatar\\\/a48d60d0527b0a93011938faad782523447753d583c3267028c12cccd8330afe?s=96&d=blank&r=g\",\"caption\":\"Cara de Vlaming\"},\"url\":\"https:\\\/\\\/intereuropolcompetition.eu\\\/en\\\/author\\\/cara\\\/\"}]}<\/script>\n<!-- \/ Yoast SEO plugin. -->","yoast_head_json":{"title":"Beche and Winslow join Smiechowski - Inter Europol Competition","robots":{"index":"index","follow":"follow","max-snippet":"max-snippet:-1","max-image-preview":"max-image-preview:large","max-video-preview":"max-video-preview:-1"},"canonical":"https:\/\/intereuropolcompetition.eu\/en\/beche-and-winslow-join-smiechowski-2\/","og_locale":"en_US","og_type":"article","og_title":"Beche and Winslow join Smiechowski - Inter Europol Competition","og_description":"Kuba Smiechowski will share the #34 LMP2 with Mathias Beche and James Winslow in the 2019 \u2013 2020 season of the Asian Le Mans Series. \u00a0 Mathias Beche: \u201cI\u2019m happy to continue the development process with the team, and I\u2019m confident we are going in the right direction. I am [&hellip;]","og_url":"https:\/\/intereuropolcompetition.eu\/en\/beche-and-winslow-join-smiechowski-2\/","og_site_name":"Inter Europol Competition","article_publisher":"https:\/\/www.facebook.com\/InterEuropolCompetition","article_published_time":"2019-11-05T11:10:16+00:00","article_modified_time":"2024-01-15T17:35:56+00:00","og_image":[{"width":1024,"height":683,"url":"https:\/\/intereuropolcompetition.eu\/wp-content\/uploads\/2019\/12\/05.11.19.jpg","type":"image\/jpeg"}],"author":"Cara de Vlaming","twitter_card":"summary_large_image","twitter_creator":"@IE_Competition","twitter_site":"@IE_Competition","twitter_misc":{"Written by":"Cara de Vlaming","Est. reading time":"2 minutes"},"schema":{"@context":"https:\/\/schema.org","@graph":[{"@type":"Article","@id":"https:\/\/intereuropolcompetition.eu\/beche-and-winslow-join-smiechowski-2\/#article","isPartOf":{"@id":"https:\/\/intereuropolcompetition.eu\/beche-and-winslow-join-smiechowski-2\/"},"author":{"name":"Cara de Vlaming","@id":"https:\/\/intereuropolcompetition.eu\/#\/schema\/person\/459947d960a8e158dfc7cd9cc7220259"},"headline":"Beche and Winslow join Smiechowski","datePublished":"2019-11-05T11:10:16+00:00","dateModified":"2024-01-15T17:35:56+00:00","mainEntityOfPage":{"@id":"https:\/\/intereuropolcompetition.eu\/beche-and-winslow-join-smiechowski-2\/"},"wordCount":523,"commentCount":0,"image":{"@id":"https:\/\/intereuropolcompetition.eu\/beche-and-winslow-join-smiechowski-2\/#primaryimage"},"thumbnailUrl":"https:\/\/intereuropolcompetition.eu\/wp-content\/uploads\/2019\/12\/05.11.19.jpg","articleSection":["News"],"inLanguage":"en-US","potentialAction":[{"@type":"CommentAction","name":"Comment","target":["https:\/\/intereuropolcompetition.eu\/beche-and-winslow-join-smiechowski-2\/#respond"]}]},{"@type":"WebPage","@id":"https:\/\/intereuropolcompetition.eu\/en\/beche-and-winslow-join-smiechowski-2\/","url":"https:\/\/intereuropolcompetition.eu\/en\/beche-and-winslow-join-smiechowski-2\/","name":"Beche and Winslow join Smiechowski - Inter Europol Competition","isPartOf":{"@id":"https:\/\/intereuropolcompetition.eu\/en\/#website"},"primaryImageOfPage":{"@id":"https:\/\/intereuropolcompetition.eu\/en\/beche-and-winslow-join-smiechowski-2\/#primaryimage"},"image":{"@id":"https:\/\/intereuropolcompetition.eu\/beche-and-winslow-join-smiechowski-2\/#primaryimage"},"thumbnailUrl":"https:\/\/intereuropolcompetition.eu\/wp-content\/uploads\/2019\/12\/05.11.19.jpg","datePublished":"2019-11-05T11:10:16+00:00","dateModified":"2024-01-15T17:35:56+00:00","author":{"@id":"https:\/\/intereuropolcompetition.eu\/#\/schema\/person\/459947d960a8e158dfc7cd9cc7220259"},"breadcrumb":{"@id":"https:\/\/intereuropolcompetition.eu\/en\/beche-and-winslow-join-smiechowski-2\/#breadcrumb"},"inLanguage":"en-US","potentialAction":[{"@type":"ReadAction","target":[["https:\/\/intereuropolcompetition.eu\/en\/beche-and-winslow-join-smiechowski-2\/"]]}]},{"@type":"ImageObject","inLanguage":"en-US","@id":"https:\/\/intereuropolcompetition.eu\/en\/beche-and-winslow-join-smiechowski-2\/#primaryimage","url":"https:\/\/intereuropolcompetition.eu\/wp-content\/uploads\/2019\/12\/05.11.19.jpg","contentUrl":"https:\/\/intereuropolcompetition.eu\/wp-content\/uploads\/2019\/12\/05.11.19.jpg","width":1024,"height":683},{"@type":"BreadcrumbList","@id":"https:\/\/intereuropolcompetition.eu\/en\/beche-and-winslow-join-smiechowski-2\/#breadcrumb","itemListElement":[{"@type":"ListItem","position":1,"name":"Home","item":"https:\/\/intereuropolcompetition.eu\/en\/"},{"@type":"ListItem","position":2,"name":"Beche i Winslow do\u0142\u0105cz\u0105 do \u015amiechowskiego"}]},{"@type":"WebSite","@id":"https:\/\/intereuropolcompetition.eu\/en\/#website","url":"https:\/\/intereuropolcompetition.eu\/en\/","name":"Inter Europol Competition","description":"An international team taking part in the VDEV, ELMS and BOSS GP races","potentialAction":[{"@type":"SearchAction","target":{"@type":"EntryPoint","urlTemplate":"https:\/\/intereuropolcompetition.eu\/en\/?s={search_term_string}"},"query-input":{"@type":"PropertyValueSpecification","valueRequired":true,"valueName":"search_term_string"}}],"inLanguage":"en-US"},{"@type":"Person","@id":"https:\/\/intereuropolcompetition.eu\/#\/schema\/person\/459947d960a8e158dfc7cd9cc7220259","name":"Cara de Vlaming","image":{"@type":"ImageObject","inLanguage":"en-US","@id":"https:\/\/secure.gravatar.com\/avatar\/a48d60d0527b0a93011938faad782523447753d583c3267028c12cccd8330afe?s=96&d=blank&r=g","url":"https:\/\/secure.gravatar.com\/avatar\/a48d60d0527b0a93011938faad782523447753d583c3267028c12cccd8330afe?s=96&d=blank&r=g","contentUrl":"https:\/\/secure.gravatar.com\/avatar\/a48d60d0527b0a93011938faad782523447753d583c3267028c12cccd8330afe?s=96&d=blank&r=g","caption":"Cara de Vlaming"},"url":"https:\/\/intereuropolcompetition.eu\/en\/author\/cara\/"}]}},"_links":{"self":[{"href":"https:\/\/intereuropolcompetition.eu\/en\/wp-json\/wp\/v2\/posts\/16264","targetHints":{"allow":["GET"]}}],"collection":[{"href":"https:\/\/intereuropolcompetition.eu\/en\/wp-json\/wp\/v2\/posts"}],"about":[{"href":"https:\/\/intereuropolcompetition.eu\/en\/wp-json\/wp\/v2\/types\/post"}],"author":[{"embeddable":true,"href":"https:\/\/intereuropolcompetition.eu\/en\/wp-json\/wp\/v2\/users\/3"}],"replies":[{"embeddable":true,"href":"https:\/\/intereuropolcompetition.eu\/en\/wp-json\/wp\/v2\/comments?post=16264"}],"version-history":[{"count":1,"href":"https:\/\/intereuropolcompetition.eu\/en\/wp-json\/wp\/v2\/posts\/16264\/revisions"}],"predecessor-version":[{"id":16492,"href":"https:\/\/intereuropolcompetition.eu\/en\/wp-json\/wp\/v2\/posts\/16264\/revisions\/16492"}],"wp:featuredmedia":[{"embeddable":true,"href":"https:\/\/intereuropolcompetition.eu\/en\/wp-json\/wp\/v2\/media\/16487"}],"wp:attachment":[{"href":"https:\/\/intereuropolcompetition.eu\/en\/wp-json\/wp\/v2\/media?parent=16264"}],"wp:term":[{"taxonomy":"category","embeddable":true,"href":"https:\/\/intereuropolcompetition.eu\/en\/wp-json\/wp\/v2\/categories?post=16264"},{"taxonomy":"post_tag","embeddable":true,"href":"https:\/\/intereuropolcompetition.eu\/en\/wp-json\/wp\/v2\/tags?post=16264"}],"curies":[{"name":"wp","href":"https:\/\/api.w.org\/{rel}","templated":true}]}}