{"id":15989,"date":"2015-08-07T12:58:56","date_gmt":"2015-08-07T10:58:56","guid":{"rendered":"https:\/\/intereuropolcompetition.eu\/?p=15989"},"modified":"2024-01-15T14:37:45","modified_gmt":"2024-01-15T13:37:45","slug":"salzburgring-austria","status":"publish","type":"post","link":"https:\/\/intereuropolcompetition.eu\/en\/salzburgring-austria\/","title":{"rendered":"Salzburgring (Austria)"},"content":{"rendered":"<p class=\"qtranxs-available-languages-message qtranxs-available-languages-message-en\">Sorry, this entry is only available in <a href=\"https:\/\/intereuropolcompetition.eu\/pl\/wp-json\/wp\/v2\/posts\/15989\" class=\"qtranxs-available-language-link qtranxs-available-language-link-pl\" title=\"Polski\">Polski<\/a>.<\/p><p>Szalony weekend w Salzburgu przyprawi\u0142 o b\u00f3l g\u0142owy prawie ka\u017cdy zesp\u00f3\u0142. Po kr\u00f3tkiej przerwie po naszym domowym wy\u015bcigu w Poznaniu, przysz\u0142a pora na kolejn\u0105 rund\u0119 serii FIA-CEZ. W mistrzostwach Kuba zajmuje 2 miejsce z jedynie 7-mio punktow\u0105 strat\u0105 do lidera. Przewidziane by\u0142y: jedna sesja treningowa, dwie czas\u00f3wki i dwa wy\u015bcigi. Podczas wolnego treningu szybko zrozumieli\u015bmy, \u017ce brakuje nam pr\u0119dko\u015bci na prostej. Na czas\u00f3wk\u0119 postanowili\u015bmy zdj\u0105\u0107 prawie wszystkie elementy aerodynamiczne. By\u0142o lepiej, ale wci\u0105\u017c nie by\u0142 to wynik na jaki liczyli\u015bmy. Kuba zakwalifikowa\u0142 si\u0119 na si\u00f3dmym miejscu. Postawili\u015bmy wszystko na jedn\u0105 kart\u0119 i kompletnie przebudowali\u015bmy samoch\u00f3d na kolejne kwalifikacje. Zacz\u0119\u0142o pada\u0107. W rozk\u0142ad czasowy wkrad\u0142o si\u0119 op\u00f3\u017anienie. Z wielkim \u017calem przyj\u0119li\u015bmy wiadomo\u015b\u0107 o odwo\u0142aniu treningu, poniewa\u017c jak dot\u0105d Kuba radzi\u0142 sobie bardzo dobrze w deszczowych warunkach. Ustawieniem do drugiego wy\u015bcigu by\u0142y wi\u0119c drugie najszybsze wyniki z pierwszej, i jedynej, czas\u00f3wki. Nast\u0119pnego dnia by\u0142o ju\u017c s\u0142onecznie i nic nie wskazywa\u0142o na zmian\u0119. Wy\u015bcigi mog\u0142y si\u0119 wi\u0119c odby\u0107 bez zak\u0142\u00f3ce\u0144 pogodowych. Pierwszy z nich przebiega\u0142 bez wi\u0119kszych niespodzianek, do czasu pojawienia si\u0119 samochodu bezpiecze\u0144stwa, kt\u00f3ry zjecha\u0142 dopiero dwa k\u00f3\u0142ka przed ko\u0144cem. Po \u015bwietnym restarcie Kuba przebi\u0142 si\u0119 z sz\u00f3stej, na czwart\u0105 lokat\u0119 i uda\u0142o mu si\u0119 j\u0105 utrzyma\u0107 t\u0119 pozycj\u0119 do ko\u0144ca. Drugi wy\u015bcig nie przebieg\u0142 niestety tak dobrze. Na drugim k\u00f3\u0142ku Kuba musia\u0142 zjecha\u0107 do pit lane z powodu problemu z dr\u0105\u017ckiem zmiany bieg\u00f3w. Uda\u0142o si\u0119 go naprawi\u0107 i nasz zawodnik wznowi\u0142 wy\u015bcig, jednak mia\u0142 ju\u017c dwa k\u00f3\u0142ka straty. Reszt\u0119 wy\u015bcigu potraktowali\u015bmy treningowo, poniewa\u017c szanse na dobry rezultat przepad\u0142y. Lider mistrzostw odskoczy\u0142 nam troch\u0119 po tym weekendzie ale za dwa tygodnie atakujemy ponownie na czeskim torze w Mo\u015bcie.<\/p>","protected":false},"excerpt":{"rendered":"<p>Sorry, this entry is only available in Polski.Szalony weekend w Salzburgu przyprawi\u0142 o b\u00f3l g\u0142owy prawie ka\u017cdy zesp\u00f3\u0142. Po kr\u00f3tkiej przerwie po naszym domowym wy\u015bcigu w Poznaniu, przysz\u0142a pora na kolejn\u0105 rund\u0119 serii FIA-CEZ. W mistrzostwach Kuba zajmuje 2 miejsce z jedynie 7-mio punktow\u0105 strat\u0105 do lidera. Przewidziane by\u0142y: jedna [&hellip;]<\/p>\n","protected":false},"author":9,"featured_media":1715,"comment_status":"open","ping_status":"open","sticky":false,"template":"","format":"standard","meta":{"footnotes":""},"categories":[50],"tags":[],"class_list":["post-15989","post","type-post","status-publish","format-standard","has-post-thumbnail","hentry","category-news"],"yoast_head":"<!-- This site is optimized with the Yoast SEO plugin v27.5 - https:\/\/yoast.com\/product\/yoast-seo-wordpress\/ -->\n<title>Salzburgring (Austria) - Inter Europol Competition<\/title>\n<meta name=\"robots\" content=\"index, follow, max-snippet:-1, max-image-preview:large, max-video-preview:-1\" \/>\n<link rel=\"canonical\" href=\"https:\/\/intereuropolcompetition.eu\/en\/salzburgring-austria\/\" \/>\n<meta property=\"og:locale\" content=\"en_US\" \/>\n<meta property=\"og:type\" content=\"article\" \/>\n<meta property=\"og:title\" content=\"Salzburgring (Austria) - Inter Europol Competition\" \/>\n<meta property=\"og:description\" content=\"Sorry, this entry is only available in Polski.Szalony weekend w Salzburgu przyprawi\u0142 o b\u00f3l g\u0142owy prawie ka\u017cdy zesp\u00f3\u0142. Po kr\u00f3tkiej przerwie po naszym domowym wy\u015bcigu w Poznaniu, przysz\u0142a pora na kolejn\u0105 rund\u0119 serii FIA-CEZ. W mistrzostwach Kuba zajmuje 2 miejsce z jedynie 7-mio punktow\u0105 strat\u0105 do lidera. Przewidziane by\u0142y: jedna [&hellip;]\" \/>\n<meta property=\"og:url\" content=\"https:\/\/intereuropolcompetition.eu\/en\/salzburgring-austria\/\" \/>\n<meta property=\"og:site_name\" content=\"Inter Europol Competition\" \/>\n<meta property=\"article:publisher\" content=\"https:\/\/www.facebook.com\/InterEuropolCompetition\" \/>\n<meta property=\"article:published_time\" content=\"2015-08-07T10:58:56+00:00\" \/>\n<meta property=\"article:modified_time\" content=\"2024-01-15T13:37:45+00:00\" \/>\n<meta property=\"og:image\" content=\"https:\/\/intereuropolcompetition.eu\/wp-content\/uploads\/2015\/08\/Salzburgring_Smiechowski_2.jpg\" \/>\n\t<meta property=\"og:image:width\" content=\"800\" \/>\n\t<meta property=\"og:image:height\" content=\"531\" \/>\n\t<meta property=\"og:image:type\" content=\"image\/jpeg\" \/>\n<meta name=\"author\" content=\"Julia Wr\u00f3bel\" \/>\n<meta name=\"twitter:card\" content=\"summary_large_image\" \/>\n<meta name=\"twitter:creator\" content=\"@IE_Competition\" \/>\n<meta name=\"twitter:site\" content=\"@IE_Competition\" \/>\n<meta name=\"twitter:label1\" content=\"Written by\" \/>\n\t<meta name=\"twitter:data1\" content=\"Julia Wr\u00f3bel\" \/>\n\t<meta name=\"twitter:label2\" content=\"Est. reading time\" \/>\n\t<meta name=\"twitter:data2\" content=\"2 minutes\" \/>\n<script type=\"application\/ld+json\" class=\"yoast-schema-graph\">{\"@context\":\"https:\\\/\\\/schema.org\",\"@graph\":[{\"@type\":\"Article\",\"@id\":\"https:\\\/\\\/intereuropolcompetition.eu\\\/salzburgring-austria\\\/#article\",\"isPartOf\":{\"@id\":\"https:\\\/\\\/intereuropolcompetition.eu\\\/salzburgring-austria\\\/\"},\"author\":{\"name\":\"Julia Wr\u00f3bel\",\"@id\":\"https:\\\/\\\/intereuropolcompetition.eu\\\/#\\\/schema\\\/person\\\/d453b01d0bf12cd0e445e5a7c3a268df\"},\"headline\":\"Salzburgring (Austria)\",\"datePublished\":\"2015-08-07T10:58:56+00:00\",\"dateModified\":\"2024-01-15T13:37:45+00:00\",\"mainEntityOfPage\":{\"@id\":\"https:\\\/\\\/intereuropolcompetition.eu\\\/salzburgring-austria\\\/\"},\"wordCount\":327,\"commentCount\":0,\"image\":{\"@id\":\"https:\\\/\\\/intereuropolcompetition.eu\\\/salzburgring-austria\\\/#primaryimage\"},\"thumbnailUrl\":\"https:\\\/\\\/intereuropolcompetition.eu\\\/wp-content\\\/uploads\\\/2015\\\/08\\\/Salzburgring_Smiechowski_2.jpg\",\"articleSection\":[\"News\"],\"inLanguage\":\"en-US\",\"potentialAction\":[{\"@type\":\"CommentAction\",\"name\":\"Comment\",\"target\":[\"https:\\\/\\\/intereuropolcompetition.eu\\\/salzburgring-austria\\\/#respond\"]}]},{\"@type\":\"WebPage\",\"@id\":\"https:\\\/\\\/intereuropolcompetition.eu\\\/en\\\/salzburgring-austria\\\/\",\"url\":\"https:\\\/\\\/intereuropolcompetition.eu\\\/en\\\/salzburgring-austria\\\/\",\"name\":\"Salzburgring (Austria) - Inter Europol Competition\",\"isPartOf\":{\"@id\":\"https:\\\/\\\/intereuropolcompetition.eu\\\/en\\\/#website\"},\"primaryImageOfPage\":{\"@id\":\"https:\\\/\\\/intereuropolcompetition.eu\\\/en\\\/salzburgring-austria\\\/#primaryimage\"},\"image\":{\"@id\":\"https:\\\/\\\/intereuropolcompetition.eu\\\/salzburgring-austria\\\/#primaryimage\"},\"thumbnailUrl\":\"https:\\\/\\\/intereuropolcompetition.eu\\\/wp-content\\\/uploads\\\/2015\\\/08\\\/Salzburgring_Smiechowski_2.jpg\",\"datePublished\":\"2015-08-07T10:58:56+00:00\",\"dateModified\":\"2024-01-15T13:37:45+00:00\",\"author\":{\"@id\":\"https:\\\/\\\/intereuropolcompetition.eu\\\/#\\\/schema\\\/person\\\/d453b01d0bf12cd0e445e5a7c3a268df\"},\"breadcrumb\":{\"@id\":\"https:\\\/\\\/intereuropolcompetition.eu\\\/en\\\/salzburgring-austria\\\/#breadcrumb\"},\"inLanguage\":\"en-US\",\"potentialAction\":[{\"@type\":\"ReadAction\",\"target\":[[\"https:\\\/\\\/intereuropolcompetition.eu\\\/en\\\/salzburgring-austria\\\/\"]]}]},{\"@type\":\"ImageObject\",\"inLanguage\":\"en-US\",\"@id\":\"https:\\\/\\\/intereuropolcompetition.eu\\\/en\\\/salzburgring-austria\\\/#primaryimage\",\"url\":\"https:\\\/\\\/intereuropolcompetition.eu\\\/wp-content\\\/uploads\\\/2015\\\/08\\\/Salzburgring_Smiechowski_2.jpg\",\"contentUrl\":\"https:\\\/\\\/intereuropolcompetition.eu\\\/wp-content\\\/uploads\\\/2015\\\/08\\\/Salzburgring_Smiechowski_2.jpg\",\"width\":800,\"height\":531},{\"@type\":\"BreadcrumbList\",\"@id\":\"https:\\\/\\\/intereuropolcompetition.eu\\\/en\\\/salzburgring-austria\\\/#breadcrumb\",\"itemListElement\":[{\"@type\":\"ListItem\",\"position\":1,\"name\":\"Home\",\"item\":\"https:\\\/\\\/intereuropolcompetition.eu\\\/en\\\/\"},{\"@type\":\"ListItem\",\"position\":2,\"name\":\"Salzburgring (Austria)\"}]},{\"@type\":\"WebSite\",\"@id\":\"https:\\\/\\\/intereuropolcompetition.eu\\\/en\\\/#website\",\"url\":\"https:\\\/\\\/intereuropolcompetition.eu\\\/en\\\/\",\"name\":\"Inter Europol Competition\",\"description\":\"An international team taking part in the VDEV, ELMS and BOSS GP races\",\"potentialAction\":[{\"@type\":\"SearchAction\",\"target\":{\"@type\":\"EntryPoint\",\"urlTemplate\":\"https:\\\/\\\/intereuropolcompetition.eu\\\/en\\\/?s={search_term_string}\"},\"query-input\":{\"@type\":\"PropertyValueSpecification\",\"valueRequired\":true,\"valueName\":\"search_term_string\"}}],\"inLanguage\":\"en-US\"},{\"@type\":\"Person\",\"@id\":\"https:\\\/\\\/intereuropolcompetition.eu\\\/#\\\/schema\\\/person\\\/d453b01d0bf12cd0e445e5a7c3a268df\",\"name\":\"Julia Wr\u00f3bel\",\"image\":{\"@type\":\"ImageObject\",\"inLanguage\":\"en-US\",\"@id\":\"https:\\\/\\\/secure.gravatar.com\\\/avatar\\\/6e8a97a41e2716729d2a0f5fc3d42c4b3e8b2f4711057b424f47a089006f0d3e?s=96&d=blank&r=g\",\"url\":\"https:\\\/\\\/secure.gravatar.com\\\/avatar\\\/6e8a97a41e2716729d2a0f5fc3d42c4b3e8b2f4711057b424f47a089006f0d3e?s=96&d=blank&r=g\",\"contentUrl\":\"https:\\\/\\\/secure.gravatar.com\\\/avatar\\\/6e8a97a41e2716729d2a0f5fc3d42c4b3e8b2f4711057b424f47a089006f0d3e?s=96&d=blank&r=g\",\"caption\":\"Julia Wr\u00f3bel\"},\"url\":\"https:\\\/\\\/intereuropolcompetition.eu\\\/en\\\/author\\\/jwrobel\\\/\"}]}<\/script>\n<!-- \/ Yoast SEO plugin. -->","yoast_head_json":{"title":"Salzburgring (Austria) - Inter Europol Competition","robots":{"index":"index","follow":"follow","max-snippet":"max-snippet:-1","max-image-preview":"max-image-preview:large","max-video-preview":"max-video-preview:-1"},"canonical":"https:\/\/intereuropolcompetition.eu\/en\/salzburgring-austria\/","og_locale":"en_US","og_type":"article","og_title":"Salzburgring (Austria) - Inter Europol Competition","og_description":"Sorry, this entry is only available in Polski.Szalony weekend w Salzburgu przyprawi\u0142 o b\u00f3l g\u0142owy prawie ka\u017cdy zesp\u00f3\u0142. Po kr\u00f3tkiej przerwie po naszym domowym wy\u015bcigu w Poznaniu, przysz\u0142a pora na kolejn\u0105 rund\u0119 serii FIA-CEZ. W mistrzostwach Kuba zajmuje 2 miejsce z jedynie 7-mio punktow\u0105 strat\u0105 do lidera. Przewidziane by\u0142y: jedna [&hellip;]","og_url":"https:\/\/intereuropolcompetition.eu\/en\/salzburgring-austria\/","og_site_name":"Inter Europol Competition","article_publisher":"https:\/\/www.facebook.com\/InterEuropolCompetition","article_published_time":"2015-08-07T10:58:56+00:00","article_modified_time":"2024-01-15T13:37:45+00:00","og_image":[{"width":800,"height":531,"url":"https:\/\/intereuropolcompetition.eu\/wp-content\/uploads\/2015\/08\/Salzburgring_Smiechowski_2.jpg","type":"image\/jpeg"}],"author":"Julia Wr\u00f3bel","twitter_card":"summary_large_image","twitter_creator":"@IE_Competition","twitter_site":"@IE_Competition","twitter_misc":{"Written by":"Julia Wr\u00f3bel","Est. reading time":"2 minutes"},"schema":{"@context":"https:\/\/schema.org","@graph":[{"@type":"Article","@id":"https:\/\/intereuropolcompetition.eu\/salzburgring-austria\/#article","isPartOf":{"@id":"https:\/\/intereuropolcompetition.eu\/salzburgring-austria\/"},"author":{"name":"Julia Wr\u00f3bel","@id":"https:\/\/intereuropolcompetition.eu\/#\/schema\/person\/d453b01d0bf12cd0e445e5a7c3a268df"},"headline":"Salzburgring (Austria)","datePublished":"2015-08-07T10:58:56+00:00","dateModified":"2024-01-15T13:37:45+00:00","mainEntityOfPage":{"@id":"https:\/\/intereuropolcompetition.eu\/salzburgring-austria\/"},"wordCount":327,"commentCount":0,"image":{"@id":"https:\/\/intereuropolcompetition.eu\/salzburgring-austria\/#primaryimage"},"thumbnailUrl":"https:\/\/intereuropolcompetition.eu\/wp-content\/uploads\/2015\/08\/Salzburgring_Smiechowski_2.jpg","articleSection":["News"],"inLanguage":"en-US","potentialAction":[{"@type":"CommentAction","name":"Comment","target":["https:\/\/intereuropolcompetition.eu\/salzburgring-austria\/#respond"]}]},{"@type":"WebPage","@id":"https:\/\/intereuropolcompetition.eu\/en\/salzburgring-austria\/","url":"https:\/\/intereuropolcompetition.eu\/en\/salzburgring-austria\/","name":"Salzburgring (Austria) - Inter Europol Competition","isPartOf":{"@id":"https:\/\/intereuropolcompetition.eu\/en\/#website"},"primaryImageOfPage":{"@id":"https:\/\/intereuropolcompetition.eu\/en\/salzburgring-austria\/#primaryimage"},"image":{"@id":"https:\/\/intereuropolcompetition.eu\/salzburgring-austria\/#primaryimage"},"thumbnailUrl":"https:\/\/intereuropolcompetition.eu\/wp-content\/uploads\/2015\/08\/Salzburgring_Smiechowski_2.jpg","datePublished":"2015-08-07T10:58:56+00:00","dateModified":"2024-01-15T13:37:45+00:00","author":{"@id":"https:\/\/intereuropolcompetition.eu\/#\/schema\/person\/d453b01d0bf12cd0e445e5a7c3a268df"},"breadcrumb":{"@id":"https:\/\/intereuropolcompetition.eu\/en\/salzburgring-austria\/#breadcrumb"},"inLanguage":"en-US","potentialAction":[{"@type":"ReadAction","target":[["https:\/\/intereuropolcompetition.eu\/en\/salzburgring-austria\/"]]}]},{"@type":"ImageObject","inLanguage":"en-US","@id":"https:\/\/intereuropolcompetition.eu\/en\/salzburgring-austria\/#primaryimage","url":"https:\/\/intereuropolcompetition.eu\/wp-content\/uploads\/2015\/08\/Salzburgring_Smiechowski_2.jpg","contentUrl":"https:\/\/intereuropolcompetition.eu\/wp-content\/uploads\/2015\/08\/Salzburgring_Smiechowski_2.jpg","width":800,"height":531},{"@type":"BreadcrumbList","@id":"https:\/\/intereuropolcompetition.eu\/en\/salzburgring-austria\/#breadcrumb","itemListElement":[{"@type":"ListItem","position":1,"name":"Home","item":"https:\/\/intereuropolcompetition.eu\/en\/"},{"@type":"ListItem","position":2,"name":"Salzburgring (Austria)"}]},{"@type":"WebSite","@id":"https:\/\/intereuropolcompetition.eu\/en\/#website","url":"https:\/\/intereuropolcompetition.eu\/en\/","name":"Inter Europol Competition","description":"An international team taking part in the VDEV, ELMS and BOSS GP races","potentialAction":[{"@type":"SearchAction","target":{"@type":"EntryPoint","urlTemplate":"https:\/\/intereuropolcompetition.eu\/en\/?s={search_term_string}"},"query-input":{"@type":"PropertyValueSpecification","valueRequired":true,"valueName":"search_term_string"}}],"inLanguage":"en-US"},{"@type":"Person","@id":"https:\/\/intereuropolcompetition.eu\/#\/schema\/person\/d453b01d0bf12cd0e445e5a7c3a268df","name":"Julia Wr\u00f3bel","image":{"@type":"ImageObject","inLanguage":"en-US","@id":"https:\/\/secure.gravatar.com\/avatar\/6e8a97a41e2716729d2a0f5fc3d42c4b3e8b2f4711057b424f47a089006f0d3e?s=96&d=blank&r=g","url":"https:\/\/secure.gravatar.com\/avatar\/6e8a97a41e2716729d2a0f5fc3d42c4b3e8b2f4711057b424f47a089006f0d3e?s=96&d=blank&r=g","contentUrl":"https:\/\/secure.gravatar.com\/avatar\/6e8a97a41e2716729d2a0f5fc3d42c4b3e8b2f4711057b424f47a089006f0d3e?s=96&d=blank&r=g","caption":"Julia Wr\u00f3bel"},"url":"https:\/\/intereuropolcompetition.eu\/en\/author\/jwrobel\/"}]}},"_links":{"self":[{"href":"https:\/\/intereuropolcompetition.eu\/en\/wp-json\/wp\/v2\/posts\/15989","targetHints":{"allow":["GET"]}}],"collection":[{"href":"https:\/\/intereuropolcompetition.eu\/en\/wp-json\/wp\/v2\/posts"}],"about":[{"href":"https:\/\/intereuropolcompetition.eu\/en\/wp-json\/wp\/v2\/types\/post"}],"author":[{"embeddable":true,"href":"https:\/\/intereuropolcompetition.eu\/en\/wp-json\/wp\/v2\/users\/9"}],"replies":[{"embeddable":true,"href":"https:\/\/intereuropolcompetition.eu\/en\/wp-json\/wp\/v2\/comments?post=15989"}],"version-history":[{"count":1,"href":"https:\/\/intereuropolcompetition.eu\/en\/wp-json\/wp\/v2\/posts\/15989\/revisions"}],"predecessor-version":[{"id":16000,"href":"https:\/\/intereuropolcompetition.eu\/en\/wp-json\/wp\/v2\/posts\/15989\/revisions\/16000"}],"wp:featuredmedia":[{"embeddable":true,"href":"https:\/\/intereuropolcompetition.eu\/en\/wp-json\/wp\/v2\/media\/1715"}],"wp:attachment":[{"href":"https:\/\/intereuropolcompetition.eu\/en\/wp-json\/wp\/v2\/media?parent=15989"}],"wp:term":[{"taxonomy":"category","embeddable":true,"href":"https:\/\/intereuropolcompetition.eu\/en\/wp-json\/wp\/v2\/categories?post=15989"},{"taxonomy":"post_tag","embeddable":true,"href":"https:\/\/intereuropolcompetition.eu\/en\/wp-json\/wp\/v2\/tags?post=15989"}],"curies":[{"name":"wp","href":"https:\/\/api.w.org\/{rel}","templated":true}]}}